{"id":10928,"date":"2025-02-20T08:00:00","date_gmt":"2025-02-20T08:00:00","guid":{"rendered":"https:\/\/www.rodi.es\/blog\/?p=10928"},"modified":"2025-10-06T13:47:03","modified_gmt":"2025-10-06T13:47:03","slug":"legislacio-europea-us-pneumatics-hivern-cadenes-neu-espanya","status":"publish","type":"post","link":"https:\/\/www.rodi.cat\/blog\/legislacio-europea-us-pneumatics-hivern-cadenes-neu-espanya\/","title":{"rendered":"Legislaci\u00f3 europea sobre l\u2019\u00fas de pneum\u00e0tics d\u2019hivern i cadenes per a neu a Espanya"},"content":{"rendered":"\n<p>A diversos pa\u00efsos europeus, s\u2019han implementat normatives que regulen l\u2019\u00fas de pneum\u00e0tics d\u2019hivern per garantir la seguretat dels conductors en condicions meteorol\u00f2giques adverses pr\u00f2pies de l\u2019\u00e8poca freda. En el cas d\u2019Espanya, no existeix una legislaci\u00f3 general sobre aquest tema, tot i que s\u00ed que s\u2019apliquen regulacions en determinades zones, com veurem a continuaci\u00f3.<\/p>\n\n\n\n<p>Un exemple destacat \u00e9s <strong>la Llei de Muntanya<\/strong> (<em>Loi Montagne<\/em>) a Fran\u00e7a, en vigor des de 2021-2022. Aquesta normativa exigeix que, durant el per\u00edode hivernal, els conductors que circulin per zones muntanyoses <strong>equipin els seus vehicles amb pneum\u00e0tics d\u2019hivern homologats amb el s\u00edmbol 3PMSF <\/strong>(<em>Three Peak Mountain Snowflake<\/em>) <strong>o portin cadenes per a neu al maleter<\/strong>. L\u2019objectiu \u00e9s garantir que tots els automobilistes que visquin o transiten per zones muntanyoses estiguin protegits davant condicions meteorol\u00f2giques extremes durant l\u2019hivern, especialment quan les temperatures s\u00f3n inferiors als 7 \u00b0C.<\/p>\n\n\n\n<p>Aix\u00ed com Fran\u00e7a, diversos pa\u00efsos compten amb una normativa que regula l\u2019\u00fas de <a href=\"https:\/\/www.rodi.cat\/pneumatics\/hivern\/\">pneum\u00e0tics d\u2019hivern<\/a> en determinades condicions. A <strong>Andorra, \u00c0ustria, Eslov\u00e8nia, la Rep\u00fablica Txeca, B\u00f2snia, Su\u00e8cia i Finl\u00e0ndia<\/strong>, per exemple, \u00e9s obligatori l\u2019\u00fas de pneum\u00e0tics d\u2019hivern a partir dels mesos de novembre i desembre. En canvi, en pa\u00efsos com<strong> Alemanya i R\u00fassia<\/strong>, encara que no hi ha dates espec\u00edfiques, l\u2019\u00fas de pneum\u00e0tics d\u2019hivern dep\u00e8n directament de les condicions meteorol\u00f2giques, fet que en fa obligatori el seu \u00fas per garantir la seguretat dels conductors.<\/p>\n\n\n\n<p>La implementaci\u00f3 de normatives com la Llei de Muntanya suposa un <strong>precedent important a Europa<\/strong>, ja que subratlla la import\u00e0ncia de comptar amb equipament adequat en regions on les temperatures hivernals poden baixar dels 7 \u00b0C. Aquesta mesura no nom\u00e9s protegeix els residents locals, sin\u00f3 tamb\u00e9 els conductors ocasionals que circulen per carreteres en condicions extremes.<\/p>\n\n\n\n<p>En canvi, <strong>la manca d\u2019una regulaci\u00f3 espec\u00edfica<\/strong> a Espanya pot generar incertesa i posa de manifest la necessitat d\u2019abordar aquesta q\u00fcesti\u00f3 per millorar la seguretat vi\u00e0ria en regions muntanyoses durant l\u2019hivern. No obstant aix\u00f2, hi ha algunes excepcions, com veurem a continuaci\u00f3.<\/p>\n\n\n\n<h3 class=\"wp-block-heading\"><strong>La normativa d\u2019hivern a Espanya i les seves excepcions<\/strong><\/h3>\n\n\n\n<p>Encara que Espanya no compta amb una \u201cLlei de Muntanya\u201d com la francesa, les autoritats recomanen l\u2019\u00fas d\u2019elements de seguretat quan es circula per regions i en per\u00edodes amb condicions clim\u00e0tiques adverses. Aquests elements milloren la seguretat i el rendiment del vehicle en carreteres amb neu o gel.<\/p>\n\n\n\n<p>Els pneum\u00e0tics homologats amb els s\u00edmbols M+S (<em>Mud and Snow<\/em>) o 3PMSF, aix\u00ed com l\u2019\u00fas de cadenes per a neu, <strong>s\u00f3n obligatoris, en certes condicions, en llocs com el port de Monrep\u00f3s (Osca), a la carretera A-23<\/strong>. Tot i aix\u00f2, el m\u00e9s habitual \u00e9s que els conductors optin per les cadenes.<\/p>\n\n\n\n<figure class=\"wp-block-image size-full\"><img decoding=\"async\" width=\"1000\" height=\"700\" src=\"https:\/\/www.rodi.es\/blog\/wp-content\/uploads\/2025\/02\/mapa-nieve-espanya.jpg\" alt=\"\" class=\"wp-image-10933\" srcset=\"https:\/\/www.rodi.cat\/blog\/wp-content\/uploads\/2025\/02\/mapa-nieve-espanya.jpg 1000w, https:\/\/www.rodi.cat\/blog\/wp-content\/uploads\/2025\/02\/mapa-nieve-espanya-300x210.jpg 300w, https:\/\/www.rodi.cat\/blog\/wp-content\/uploads\/2025\/02\/mapa-nieve-espanya-768x538.jpg 768w\" sizes=\"(max-width: 706px) 89vw, (max-width: 767px) 82vw, 740px\" \/><\/figure>\n\n\n\n<p>Aquest \u00fas de cadenes ha generat problemes durant la temporada d\u2019hivern, ja que <strong>la carretera A-23 compta amb diversos t\u00fanels<\/strong> on els conductors s\u2019aturen inadequadament per col\u00b7locar o retirar les cadenes, bloquejant accessos i sortides. A m\u00e9s, <strong>l\u2019\u00fas de cadenes dins dels t\u00fanels est\u00e0 prohibit<\/strong> perqu\u00e8 degrada significativament l\u2019asfalt. Per solucionar aquest problema, les autoritats han prohibit l\u2019\u00fas de cadenes en aquesta ruta, permetent \u00fanicament pneum\u00e0tics M+S i 3PMSF.<\/p>\n\n\n\n<p>Una altra mesura enfocada a la seguretat vi\u00e0ria en carreteres nevades o amb gel a Espanya \u00e9s <strong>la prohibici\u00f3 d\u2019avan\u00e7aments pel carril esquerre<\/strong>, ja que aix\u00f2 podria dificultar la feina dels serveis d\u2019emerg\u00e8ncia i dels vehicles de neteja. Aquesta mesura tamb\u00e9 afecta rutes on \u00e9s recurrent la caiguda de neu i la formaci\u00f3 de gel, com ara l\u2019AP-66 (Lle\u00f3-Ast\u00faries), l\u2019A-67 (Cant\u00e0bria\u2013Pal\u00e8ncia), l\u2019A-52 (Ourense-Zamora), l\u2019A-23\/N-330 (Osca-Canfranc), l\u2019A-1 (Madrid-Seg\u00f2via. Port de Somosierra) i l\u2019AP-6 (Madrid-Seg\u00f2via. Port de Guadarrama).<\/p>\n\n\n\n<p>La Direcci\u00f3 General de Tr\u00e0nsit (DGT) tamb\u00e9 recomana que els conductors coneguin <strong>les caracter\u00edstiques espec\u00edfiques dels seus vehicles<\/strong>, ja que l\u2019\u00fas de cadenes per a neu i pneum\u00e0tics homologats varia segons el model i la tracci\u00f3 (davantera, posterior o 4&#215;4). Aix\u00f2 ajuda a disminuir la probabilitat d\u2019accidents i refor\u00e7a la seguretat vi\u00e0ria tant per als residents com per als visitants de les zones d\u2019alta muntanya.<\/p>\n\n\n\n<p>A <strong>Rodi Motor Services<\/strong>, estem compromesos amb la teva seguretat. T\u2019invitem a visitar els nostres tallers, on els nostres professionals podran <strong>evaluar el teu vehicle i oferir-te solucions personalitzades<\/strong> perqu\u00e8 puguis circular amb confian\u00e7a per qualsevol ruta de muntanya durant els mesos freds.<\/p>\n\n\n\n<div style=\"text-align: center;\">\n<a class=\"wp-block-button__link has-text-color has-background wp-element-button\"\nhref=\"https:\/\/www.rodi.cat\/cita-previa\/seleccio-taller\/\"\nstyle=\"color:#0f0f0f;background-color:#f6d000\">\nCONCERTAR CITA PR\u00c8VIA\n<\/a>\n<\/div\n","protected":false},"excerpt":{"rendered":"<p>A diversos pa\u00efsos europeus, s\u2019han implementat normatives que regulen l\u2019\u00fas de pneum\u00e0tics d\u2019hivern per garantir la seguretat dels conductors en condicions meteorol\u00f2giques adverses pr\u00f2pies de l\u2019\u00e8poca freda. En el cas d\u2019Espanya, no existeix una legislaci\u00f3 general sobre aquest tema, tot i que s\u00ed que s\u2019apliquen regulacions en determinades zones, com veurem a continuaci\u00f3. Un exemple &hellip; <\/p>\n<p class=\"link-more\"><a href=\"https:\/\/www.rodi.cat\/blog\/legislacio-europea-us-pneumatics-hivern-cadenes-neu-espanya\/\" class=\"more-link\">Seguir llegint<span class=\"screen-reader-text\"> &#8220;Legislaci\u00f3 europea sobre l\u2019\u00fas de pneum\u00e0tics d\u2019hivern i cadenes per a neu a Espanya&#8221;<\/span><\/a><\/p>\n","protected":false},"author":3,"featured_media":10901,"comment_status":"closed","ping_status":"closed","sticky":false,"template":"","format":"standard","meta":{"footnotes":""},"categories":[2],"tags":[],"yoast_head":"<!-- This site is optimized with the Yoast SEO plugin v24.4 - https:\/\/yoast.com\/wordpress\/plugins\/seo\/ -->\n<title>Legislaci\u00f3 europea sobre l\u2019\u00fas de pneum\u00e0tics d\u2019hivern i cadenes per a neu a Espanya - Rodi Motor Services<\/title>\n<meta name=\"description\" content=\"Descobreix la legislaci\u00f3 europea sobre pneum\u00e0tics d\u2019hivern i cadenes per a neu, incloent les normatives en pa\u00efsos com Fran\u00e7a, Alemanya i Espanya.\" \/>\n<meta name=\"robots\" content=\"index, follow, max-snippet:-1, max-image-preview:large, max-video-preview:-1\" \/>\n<link rel=\"canonical\" href=\"https:\/\/www.rodi.cat\/blog\/legislacio-europea-us-pneumatics-hivern-cadenes-neu-espanya\/\" \/>\n<meta property=\"og:locale\" content=\"ca_ES\" \/>\n<meta property=\"og:type\" content=\"article\" \/>\n<meta property=\"og:title\" content=\"Legislaci\u00f3 europea sobre l\u2019\u00fas de pneum\u00e0tics d\u2019hivern i cadenes per a neu a Espanya - Rodi Motor Services\" \/>\n<meta property=\"og:description\" content=\"Descobreix la legislaci\u00f3 europea sobre pneum\u00e0tics d\u2019hivern i cadenes per a neu, incloent les normatives en pa\u00efsos com Fran\u00e7a, Alemanya i Espanya.\" \/>\n<meta property=\"og:url\" content=\"https:\/\/www.rodi.cat\/blog\/legislacio-europea-us-pneumatics-hivern-cadenes-neu-espanya\/\" \/>\n<meta property=\"og:site_name\" content=\"Rodi Motor Services\" \/>\n<meta property=\"article:publisher\" content=\"https:\/\/www.facebook.com\/rodimotorservices\" \/>\n<meta property=\"article:published_time\" content=\"2025-02-20T08:00:00+00:00\" \/>\n<meta property=\"article:modified_time\" content=\"2025-10-06T13:47:03+00:00\" \/>\n<meta property=\"og:image\" content=\"https:\/\/www.rodi.cat\/blog\/wp-content\/uploads\/2025\/02\/legislacion-europea-neumaticos-invierno.jpg\" \/>\n\t<meta property=\"og:image:width\" content=\"740\" \/>\n\t<meta property=\"og:image:height\" content=\"478\" \/>\n\t<meta property=\"og:image:type\" content=\"image\/jpeg\" \/>\n<meta name=\"author\" content=\"Fabian\" \/>\n<meta name=\"twitter:card\" content=\"summary_large_image\" \/>\n<meta name=\"twitter:creator\" content=\"@MotorRodi\" \/>\n<meta name=\"twitter:site\" content=\"@MotorRodi\" \/>\n<meta name=\"twitter:label1\" content=\"Escrit per\" \/>\n\t<meta name=\"twitter:data1\" content=\"Fabian\" \/>\n\t<meta name=\"twitter:label2\" content=\"Temps estimat de lectura\" \/>\n\t<meta name=\"twitter:data2\" content=\"4 minuts\" \/>\n<script type=\"application\/ld+json\" class=\"yoast-schema-graph\">{\"@context\":\"https:\/\/schema.org\",\"@graph\":[{\"@type\":\"Article\",\"@id\":\"https:\/\/www.rodi.cat\/blog\/legislacio-europea-us-pneumatics-hivern-cadenes-neu-espanya\/#article\",\"isPartOf\":{\"@id\":\"https:\/\/www.rodi.cat\/blog\/legislacio-europea-us-pneumatics-hivern-cadenes-neu-espanya\/\"},\"author\":{\"name\":\"Fabian\",\"@id\":\"https:\/\/www.rodi.cat\/blog\/#\/schema\/person\/67317e62d3609189db61ab29fe7d5a21\"},\"headline\":\"Legislaci\u00f3 europea sobre l\u2019\u00fas de pneum\u00e0tics d\u2019hivern i cadenes per a neu a Espanya\",\"datePublished\":\"2025-02-20T08:00:00+00:00\",\"dateModified\":\"2025-10-06T13:47:03+00:00\",\"mainEntityOfPage\":{\"@id\":\"https:\/\/www.rodi.cat\/blog\/legislacio-europea-us-pneumatics-hivern-cadenes-neu-espanya\/\"},\"wordCount\":803,\"publisher\":{\"@id\":\"https:\/\/www.rodi.cat\/blog\/#organization\"},\"image\":{\"@id\":\"https:\/\/www.rodi.cat\/blog\/legislacio-europea-us-pneumatics-hivern-cadenes-neu-espanya\/#primaryimage\"},\"thumbnailUrl\":\"https:\/\/www.rodi.cat\/blog\/wp-content\/uploads\/2025\/02\/legislacion-europea-neumaticos-invierno.jpg\",\"inLanguage\":\"ca\"},{\"@type\":\"WebPage\",\"@id\":\"https:\/\/www.rodi.cat\/blog\/legislacio-europea-us-pneumatics-hivern-cadenes-neu-espanya\/\",\"url\":\"https:\/\/www.rodi.cat\/blog\/legislacio-europea-us-pneumatics-hivern-cadenes-neu-espanya\/\",\"name\":\"Legislaci\u00f3 europea sobre l\u2019\u00fas de pneum\u00e0tics d\u2019hivern i cadenes per a neu a Espanya - Rodi Motor Services\",\"isPartOf\":{\"@id\":\"https:\/\/www.rodi.cat\/blog\/#website\"},\"primaryImageOfPage\":{\"@id\":\"https:\/\/www.rodi.cat\/blog\/legislacio-europea-us-pneumatics-hivern-cadenes-neu-espanya\/#primaryimage\"},\"image\":{\"@id\":\"https:\/\/www.rodi.cat\/blog\/legislacio-europea-us-pneumatics-hivern-cadenes-neu-espanya\/#primaryimage\"},\"thumbnailUrl\":\"https:\/\/www.rodi.cat\/blog\/wp-content\/uploads\/2025\/02\/legislacion-europea-neumaticos-invierno.jpg\",\"datePublished\":\"2025-02-20T08:00:00+00:00\",\"dateModified\":\"2025-10-06T13:47:03+00:00\",\"description\":\"Descobreix la legislaci\u00f3 europea sobre pneum\u00e0tics d\u2019hivern i cadenes per a neu, incloent les normatives en pa\u00efsos com Fran\u00e7a, Alemanya i Espanya.\",\"breadcrumb\":{\"@id\":\"https:\/\/www.rodi.cat\/blog\/legislacio-europea-us-pneumatics-hivern-cadenes-neu-espanya\/#breadcrumb\"},\"inLanguage\":\"ca\",\"potentialAction\":[{\"@type\":\"ReadAction\",\"target\":[\"https:\/\/www.rodi.cat\/blog\/legislacio-europea-us-pneumatics-hivern-cadenes-neu-espanya\/\"]}]},{\"@type\":\"ImageObject\",\"inLanguage\":\"ca\",\"@id\":\"https:\/\/www.rodi.cat\/blog\/legislacio-europea-us-pneumatics-hivern-cadenes-neu-espanya\/#primaryimage\",\"url\":\"https:\/\/www.rodi.cat\/blog\/wp-content\/uploads\/2025\/02\/legislacion-europea-neumaticos-invierno.jpg\",\"contentUrl\":\"https:\/\/www.rodi.cat\/blog\/wp-content\/uploads\/2025\/02\/legislacion-europea-neumaticos-invierno.jpg\",\"width\":740,\"height\":478,\"caption\":\"Neum\u00e1ticos de invierno\"},{\"@type\":\"BreadcrumbList\",\"@id\":\"https:\/\/www.rodi.cat\/blog\/legislacio-europea-us-pneumatics-hivern-cadenes-neu-espanya\/#breadcrumb\",\"itemListElement\":[{\"@type\":\"ListItem\",\"position\":1,\"name\":\"Portada\",\"item\":\"https:\/\/www.rodi.cat\/blog\/\"},{\"@type\":\"ListItem\",\"position\":2,\"name\":\"Legislaci\u00f3 europea sobre l\u2019\u00fas de pneum\u00e0tics d\u2019hivern i cadenes per a neu a Espanya\"}]},{\"@type\":\"WebSite\",\"@id\":\"https:\/\/www.rodi.cat\/blog\/#website\",\"url\":\"https:\/\/www.rodi.cat\/blog\/\",\"name\":\"Rodi Motor Services\",\"description\":\"Neum\u00e1ticos al mejor precio\",\"publisher\":{\"@id\":\"https:\/\/www.rodi.cat\/blog\/#organization\"},\"potentialAction\":[{\"@type\":\"SearchAction\",\"target\":{\"@type\":\"EntryPoint\",\"urlTemplate\":\"https:\/\/www.rodi.cat\/blog\/?s={search_term_string}\"},\"query-input\":{\"@type\":\"PropertyValueSpecification\",\"valueRequired\":true,\"valueName\":\"search_term_string\"}}],\"inLanguage\":\"ca\"},{\"@type\":\"Organization\",\"@id\":\"https:\/\/www.rodi.cat\/blog\/#organization\",\"name\":\"Rodi Motor Services\",\"url\":\"https:\/\/www.rodi.cat\/blog\/\",\"logo\":{\"@type\":\"ImageObject\",\"inLanguage\":\"ca\",\"@id\":\"https:\/\/www.rodi.cat\/blog\/#\/schema\/logo\/image\/\",\"url\":\"https:\/\/www.rodi.cat\/blog\/wp-content\/uploads\/2020\/05\/logo-rodi.jpg\",\"contentUrl\":\"https:\/\/www.rodi.cat\/blog\/wp-content\/uploads\/2020\/05\/logo-rodi.jpg\",\"width\":250,\"height\":250,\"caption\":\"Rodi Motor Services\"},\"image\":{\"@id\":\"https:\/\/www.rodi.cat\/blog\/#\/schema\/logo\/image\/\"},\"sameAs\":[\"https:\/\/www.facebook.com\/rodimotorservices\",\"https:\/\/x.com\/MotorRodi\",\"https:\/\/www.instagram.com\/rodimotorservices\/\",\"https:\/\/es.linkedin.com\/company\/rodi-motor-services\",\"https:\/\/www.youtube.com\/user\/rodimotorservices\"]},{\"@type\":\"Person\",\"@id\":\"https:\/\/www.rodi.cat\/blog\/#\/schema\/person\/67317e62d3609189db61ab29fe7d5a21\",\"name\":\"Fabian\",\"image\":{\"@type\":\"ImageObject\",\"inLanguage\":\"ca\",\"@id\":\"https:\/\/www.rodi.cat\/blog\/#\/schema\/person\/image\/\",\"url\":\"https:\/\/secure.gravatar.com\/avatar\/20364f4ce4272fefea9858179a5de384?s=96&d=mm&r=g\",\"contentUrl\":\"https:\/\/secure.gravatar.com\/avatar\/20364f4ce4272fefea9858179a5de384?s=96&d=mm&r=g\",\"caption\":\"Fabian\"}}]}<\/script>\n<!-- \/ Yoast SEO plugin. -->","yoast_head_json":{"title":"Legislaci\u00f3 europea sobre l\u2019\u00fas de pneum\u00e0tics d\u2019hivern i cadenes per a neu a Espanya - Rodi Motor Services","description":"Descobreix la legislaci\u00f3 europea sobre pneum\u00e0tics d\u2019hivern i cadenes per a neu, incloent les normatives en pa\u00efsos com Fran\u00e7a, Alemanya i Espanya.","robots":{"index":"index","follow":"follow","max-snippet":"max-snippet:-1","max-image-preview":"max-image-preview:large","max-video-preview":"max-video-preview:-1"},"canonical":"https:\/\/www.rodi.cat\/blog\/legislacio-europea-us-pneumatics-hivern-cadenes-neu-espanya\/","og_locale":"ca_ES","og_type":"article","og_title":"Legislaci\u00f3 europea sobre l\u2019\u00fas de pneum\u00e0tics d\u2019hivern i cadenes per a neu a Espanya - Rodi Motor Services","og_description":"Descobreix la legislaci\u00f3 europea sobre pneum\u00e0tics d\u2019hivern i cadenes per a neu, incloent les normatives en pa\u00efsos com Fran\u00e7a, Alemanya i Espanya.","og_url":"https:\/\/www.rodi.cat\/blog\/legislacio-europea-us-pneumatics-hivern-cadenes-neu-espanya\/","og_site_name":"Rodi Motor Services","article_publisher":"https:\/\/www.facebook.com\/rodimotorservices","article_published_time":"2025-02-20T08:00:00+00:00","article_modified_time":"2025-10-06T13:47:03+00:00","og_image":[{"width":740,"height":478,"url":"https:\/\/www.rodi.cat\/blog\/wp-content\/uploads\/2025\/02\/legislacion-europea-neumaticos-invierno.jpg","type":"image\/jpeg"}],"author":"Fabian","twitter_card":"summary_large_image","twitter_creator":"@MotorRodi","twitter_site":"@MotorRodi","twitter_misc":{"Escrit per":"Fabian","Temps estimat de lectura":"4 minuts"},"schema":{"@context":"https:\/\/schema.org","@graph":[{"@type":"Article","@id":"https:\/\/www.rodi.cat\/blog\/legislacio-europea-us-pneumatics-hivern-cadenes-neu-espanya\/#article","isPartOf":{"@id":"https:\/\/www.rodi.cat\/blog\/legislacio-europea-us-pneumatics-hivern-cadenes-neu-espanya\/"},"author":{"name":"Fabian","@id":"https:\/\/www.rodi.cat\/blog\/#\/schema\/person\/67317e62d3609189db61ab29fe7d5a21"},"headline":"Legislaci\u00f3 europea sobre l\u2019\u00fas de pneum\u00e0tics d\u2019hivern i cadenes per a neu a Espanya","datePublished":"2025-02-20T08:00:00+00:00","dateModified":"2025-10-06T13:47:03+00:00","mainEntityOfPage":{"@id":"https:\/\/www.rodi.cat\/blog\/legislacio-europea-us-pneumatics-hivern-cadenes-neu-espanya\/"},"wordCount":803,"publisher":{"@id":"https:\/\/www.rodi.cat\/blog\/#organization"},"image":{"@id":"https:\/\/www.rodi.cat\/blog\/legislacio-europea-us-pneumatics-hivern-cadenes-neu-espanya\/#primaryimage"},"thumbnailUrl":"https:\/\/www.rodi.cat\/blog\/wp-content\/uploads\/2025\/02\/legislacion-europea-neumaticos-invierno.jpg","inLanguage":"ca"},{"@type":"WebPage","@id":"https:\/\/www.rodi.cat\/blog\/legislacio-europea-us-pneumatics-hivern-cadenes-neu-espanya\/","url":"https:\/\/www.rodi.cat\/blog\/legislacio-europea-us-pneumatics-hivern-cadenes-neu-espanya\/","name":"Legislaci\u00f3 europea sobre l\u2019\u00fas de pneum\u00e0tics d\u2019hivern i cadenes per a neu a Espanya - Rodi Motor Services","isPartOf":{"@id":"https:\/\/www.rodi.cat\/blog\/#website"},"primaryImageOfPage":{"@id":"https:\/\/www.rodi.cat\/blog\/legislacio-europea-us-pneumatics-hivern-cadenes-neu-espanya\/#primaryimage"},"image":{"@id":"https:\/\/www.rodi.cat\/blog\/legislacio-europea-us-pneumatics-hivern-cadenes-neu-espanya\/#primaryimage"},"thumbnailUrl":"https:\/\/www.rodi.cat\/blog\/wp-content\/uploads\/2025\/02\/legislacion-europea-neumaticos-invierno.jpg","datePublished":"2025-02-20T08:00:00+00:00","dateModified":"2025-10-06T13:47:03+00:00","description":"Descobreix la legislaci\u00f3 europea sobre pneum\u00e0tics d\u2019hivern i cadenes per a neu, incloent les normatives en pa\u00efsos com Fran\u00e7a, Alemanya i Espanya.","breadcrumb":{"@id":"https:\/\/www.rodi.cat\/blog\/legislacio-europea-us-pneumatics-hivern-cadenes-neu-espanya\/#breadcrumb"},"inLanguage":"ca","potentialAction":[{"@type":"ReadAction","target":["https:\/\/www.rodi.cat\/blog\/legislacio-europea-us-pneumatics-hivern-cadenes-neu-espanya\/"]}]},{"@type":"ImageObject","inLanguage":"ca","@id":"https:\/\/www.rodi.cat\/blog\/legislacio-europea-us-pneumatics-hivern-cadenes-neu-espanya\/#primaryimage","url":"https:\/\/www.rodi.cat\/blog\/wp-content\/uploads\/2025\/02\/legislacion-europea-neumaticos-invierno.jpg","contentUrl":"https:\/\/www.rodi.cat\/blog\/wp-content\/uploads\/2025\/02\/legislacion-europea-neumaticos-invierno.jpg","width":740,"height":478,"caption":"Neum\u00e1ticos de invierno"},{"@type":"BreadcrumbList","@id":"https:\/\/www.rodi.cat\/blog\/legislacio-europea-us-pneumatics-hivern-cadenes-neu-espanya\/#breadcrumb","itemListElement":[{"@type":"ListItem","position":1,"name":"Portada","item":"https:\/\/www.rodi.cat\/blog\/"},{"@type":"ListItem","position":2,"name":"Legislaci\u00f3 europea sobre l\u2019\u00fas de pneum\u00e0tics d\u2019hivern i cadenes per a neu a Espanya"}]},{"@type":"WebSite","@id":"https:\/\/www.rodi.cat\/blog\/#website","url":"https:\/\/www.rodi.cat\/blog\/","name":"Rodi Motor Services","description":"Neum\u00e1ticos al mejor precio","publisher":{"@id":"https:\/\/www.rodi.cat\/blog\/#organization"},"potentialAction":[{"@type":"SearchAction","target":{"@type":"EntryPoint","urlTemplate":"https:\/\/www.rodi.cat\/blog\/?s={search_term_string}"},"query-input":{"@type":"PropertyValueSpecification","valueRequired":true,"valueName":"search_term_string"}}],"inLanguage":"ca"},{"@type":"Organization","@id":"https:\/\/www.rodi.cat\/blog\/#organization","name":"Rodi Motor Services","url":"https:\/\/www.rodi.cat\/blog\/","logo":{"@type":"ImageObject","inLanguage":"ca","@id":"https:\/\/www.rodi.cat\/blog\/#\/schema\/logo\/image\/","url":"https:\/\/www.rodi.cat\/blog\/wp-content\/uploads\/2020\/05\/logo-rodi.jpg","contentUrl":"https:\/\/www.rodi.cat\/blog\/wp-content\/uploads\/2020\/05\/logo-rodi.jpg","width":250,"height":250,"caption":"Rodi Motor Services"},"image":{"@id":"https:\/\/www.rodi.cat\/blog\/#\/schema\/logo\/image\/"},"sameAs":["https:\/\/www.facebook.com\/rodimotorservices","https:\/\/x.com\/MotorRodi","https:\/\/www.instagram.com\/rodimotorservices\/","https:\/\/es.linkedin.com\/company\/rodi-motor-services","https:\/\/www.youtube.com\/user\/rodimotorservices"]},{"@type":"Person","@id":"https:\/\/www.rodi.cat\/blog\/#\/schema\/person\/67317e62d3609189db61ab29fe7d5a21","name":"Fabian","image":{"@type":"ImageObject","inLanguage":"ca","@id":"https:\/\/www.rodi.cat\/blog\/#\/schema\/person\/image\/","url":"https:\/\/secure.gravatar.com\/avatar\/20364f4ce4272fefea9858179a5de384?s=96&d=mm&r=g","contentUrl":"https:\/\/secure.gravatar.com\/avatar\/20364f4ce4272fefea9858179a5de384?s=96&d=mm&r=g","caption":"Fabian"}}]}},"_links":{"self":[{"href":"https:\/\/www.rodi.cat\/blog\/wp-json\/wp\/v2\/posts\/10928"}],"collection":[{"href":"https:\/\/www.rodi.cat\/blog\/wp-json\/wp\/v2\/posts"}],"about":[{"href":"https:\/\/www.rodi.cat\/blog\/wp-json\/wp\/v2\/types\/post"}],"author":[{"embeddable":true,"href":"https:\/\/www.rodi.cat\/blog\/wp-json\/wp\/v2\/users\/3"}],"replies":[{"embeddable":true,"href":"https:\/\/www.rodi.cat\/blog\/wp-json\/wp\/v2\/comments?post=10928"}],"version-history":[{"count":6,"href":"https:\/\/www.rodi.cat\/blog\/wp-json\/wp\/v2\/posts\/10928\/revisions"}],"predecessor-version":[{"id":11922,"href":"https:\/\/www.rodi.cat\/blog\/wp-json\/wp\/v2\/posts\/10928\/revisions\/11922"}],"wp:featuredmedia":[{"embeddable":true,"href":"https:\/\/www.rodi.cat\/blog\/wp-json\/wp\/v2\/media\/10901"}],"wp:attachment":[{"href":"https:\/\/www.rodi.cat\/blog\/wp-json\/wp\/v2\/media?parent=10928"}],"wp:term":[{"taxonomy":"category","embeddable":true,"href":"https:\/\/www.rodi.cat\/blog\/wp-json\/wp\/v2\/categories?post=10928"},{"taxonomy":"post_tag","embeddable":true,"href":"https:\/\/www.rodi.cat\/blog\/wp-json\/wp\/v2\/tags?post=10928"}],"curies":[{"name":"wp","href":"https:\/\/api.w.org\/{rel}","templated":true}]}}