{"id":11327,"date":"2025-10-31T04:00:00","date_gmt":"2025-10-31T04:00:00","guid":{"rendered":"https:\/\/www.rodi.es\/blog\/?p=11327"},"modified":"2026-02-16T09:24:29","modified_gmt":"2026-02-16T09:24:29","slug":"futur-seguretat-viaria-dispositiu-v16-espanya","status":"publish","type":"post","link":"https:\/\/www.rodi.cat\/blog\/futur-seguretat-viaria-dispositiu-v16-espanya\/","title":{"rendered":"El futur de la seguretat vi\u00e0ria: tot sobre les llums d&#8217;emerg\u00e8ncia V16 a Espanya"},"content":{"rendered":"\n<p>La seguretat vi\u00e0ria \u00e9s una prioritat i un tema \u00e0mpliament debatut per les autoritats i conductors arreu del m\u00f3n. Actualment, el centre de l\u2019atenci\u00f3 est\u00e0 en la implementaci\u00f3 de <strong>les llums d&#8217;emerg\u00e8ncia V16<\/strong>, obligat\u00f2ries des de l&#8217;1 de gener de 2026.<\/p>\n\n\n\n<p>A Espanya, la Direcci\u00f3 General de Tr\u00e0nsit (DGT) ha fet un pas innovador amb la introducci\u00f3 de<strong> les llums d&#8217;emerg\u00e8ncia V16,<\/strong> un aven\u00e7 que pret\u00e9n substituir els cl\u00e0ssics triangles d\u2019emerg\u00e8ncia i millorar la protecci\u00f3 dels usuaris de les carreteres en situacions d\u2019accident o avaria.<\/p>\n\n\n\n<p>En aquest blog, explorarem qu\u00e8 s\u00f3n les llums d&#8217;emerg\u00e8ncia V16, com funcionen, els seus avantatges i per qu\u00e8 marquen un abans i un despr\u00e9s en la seguretat vi\u00e0ria.<\/p>\n\n\n\n<p><strong>Qu\u00e8 \u00e9s la llum d&#8217;emerg\u00e8ncia V16?<br><\/strong>La  V16 \u00e9s un petit dispositiu de presegnalitzaci\u00f3 de perill dissenyat per substituir els tradicionals triangles reflectants. Est\u00e0 pensat per utilitzar-se quan un vehicle queda immobilitzat a la cal\u00e7ada o quan la seva c\u00e0rrega es troba escampada per la via.<\/p>\n\n\n\n<p>La V16 \u00e9s una llum d&#8217;emerg\u00e8ncia compacta de color groc que emet una llum intermitent d\u2019alta intensitat en 360 graus, visible fins a 1 quil\u00f2metre de dist\u00e0ncia. El seu disseny inclou una bateria amb una durada m\u00ednima de 18 mesos, cosa que garanteix la seva disponibilitat en moments cr\u00edtics. A m\u00e9s, alguns models incorporen connectivitat, permetent enviar informaci\u00f3 en temps real a la plataforma DGT 3.0.<\/p>\n\n\n\n<p><strong>Com funciona la llum d&#8217;emerg\u00e8ncia V16?<\/strong><\/p>\n\n\n\n<p>L\u2019\u00fas del V16 \u00e9s senzill, per\u00f2 requereix sortir del vehicle per col\u00b7locar-lo correctament. En cas d\u2019avaria o accident, el conductor ha de:<\/p>\n\n\n\n<ul>\n<li><strong>Activar-lo<\/strong>: el dispositiu s\u2019activa en q\u00fcesti\u00f3 de segons.<\/li>\n\n\n\n<li><strong>Sortir del cotxe<\/strong> i col\u00b7locar-lo al punt m\u00e9s alt del vehicle \u2014idealment al sostre\u2014 perqu\u00e8 la seva llum sigui visible tant per davant com per darrere a una dist\u00e0ncia de fins a 1 quil\u00f2metre.<\/li>\n\n\n\n<li><strong>Esperar<\/strong>: un cop activat, el V16 emet un senyal llumin\u00f3s intermitent durant almenys 30 minuts. Si \u00e9s un model connectat, tamb\u00e9 transmet la seva ubicaci\u00f3 a la plataforma DGT 3.0.<\/li>\n<\/ul>\n\n\n\n<p><strong>Important:<\/strong> tot i que el V16 redueix el risc en comparaci\u00f3 amb el triangle tradicional (que s\u2019havia de col\u00b7locar a 50 metres del vehicle), \u00e9s necessari sortir del vehicle per instal\u00b7lar-lo al sostre o en una posici\u00f3 elevada. Aix\u00f2 garanteix la m\u00e0xima visibilitat i compleix la normativa de la DGT.<\/p>\n\n\n\n<p><strong>Per qu\u00e8 \u00e9s millor que els triangles tradicionals?<\/strong><\/p>\n\n\n\n<p>Tot i que els triangles han estat \u00fatils durant d\u00e8cades, tenen limitacions importants. Amb els triangles, el conductor est\u00e0 obligat a caminar fins a 50 metres per la cal\u00e7ada per col\u00b7locar-los, cosa que comporta un risc molt elevat, especialment en carreteres de gran velocitat o amb poca visibilitat.<\/p>\n\n\n\n<p>La V16 redueix significativament aquest risc, ja que es pot col\u00b7locar directament sobre el propi vehicle \u2014sense necessitat d\u2019allunyar-se\u2019n\u2014 i continua sent altament visible. Fins i tot en situacions en qu\u00e8 no sigui segur sortir del cotxe, la V16 es pot activar des de l\u2019interior, una cosa impossible amb els triangles.<\/p>\n\n\n\n<p>A m\u00e9s, els models connectats ofereixen avantatges addicionals:<\/p>\n\n\n\n<ul>\n<li><strong>Transmissi\u00f3 en temps real<\/strong>: la plataforma DGT 3.0 rep les coordenades exactes del vehicle accidentat i alerta altres conductors a trav\u00e9s de navegadors, aplicacions de mobilitat i panells de missatge variable a les carreteres.<\/li>\n\n\n\n<li><strong>Major seguretat<\/strong>: en minimitzar la necessitat de despla\u00e7ar-se per la via, es redueix dr\u00e0sticament el risc d\u2019atropellaments o col\u00b7lisions secund\u00e0ries.<\/li>\n\n\n\n<li><strong>Visibilitat millorada<\/strong>: la seva llum intermitent d\u2019alta intensitat \u00e9s molt m\u00e9s visible que un triangle, especialment en condicions de poca llum o meteorologia adversa.<\/li>\n<\/ul>\n\n\n\n<p><strong>Nota important<\/strong>: tot i que la V16 ser\u00e0 l\u2019\u00fanic dispositiu legal de prese\u00f1alitzaci\u00f3 a Espanya a partir del 2026, la DGT recomana no desfer-se dels triangles d\u2019emerg\u00e8ncia. Continuen sent obligatoris en molts pa\u00efsos europeus, per la qual cosa \u00e9s aconsellable portar-los si viatges a l\u2019estranger.<\/p>\n\n\n\n<p><strong>Llum d&#8217;emerg\u00e8ncia V16 obligat\u00f2ria aquest 2026<\/strong><\/p>\n\n\n\n<p>Des de l\u20191 de gener de 2026, la llum d\u2019emerg\u00e8ncia V16 \u00e9s l\u2019\u00fanic dispositiu legal de presenyalitzaci\u00f3 de perill a Espanya. Aix\u00f2 vol dir que ja no es permet l\u2019\u00fas de triangles d\u2019emerg\u00e8ncia ni de llums no homologades com a V16 connectada.<\/p>\n\n\n\n<p>Tot i que actualment encara \u00e9s possible adquirir triangles tradicionals o llums sense connectivitat, comprar una llum V16 connectada des d\u2019ara ofereix importants avantatges:<\/p>\n\n\n\n<ul>\n<li>Evites una inversi\u00f3 doble, ja que la V16 connectada \u00e9s l\u2019\u00fanic sistema v\u00e0lid a partir d\u2019aquest 2026.<\/li>\n\n\n\n<li>Incrementes la teva seguretat aprofitant les funcionalitats avan\u00e7ades dels models connectats.<\/li>\n<\/ul>\n\n\n\n<p><strong>Connectivitat: qu\u00e8 significa i quant dura?<br><\/strong> La connectivitat de la V16 permet transmetre informaci\u00f3 en temps real a la DGT, com l\u2019activaci\u00f3, desactivaci\u00f3 i geolocalitzaci\u00f3 del dispositiu. Aquesta informaci\u00f3 s\u2019envia cada 100 segons mentre el dispositiu est\u00e0 actiu.<\/p>\n\n\n\n<p>La legislaci\u00f3 exigeix una disponibilitat m\u00ednima de connectivitat de 12 anys, inclosa en el preu de compra del dispositiu. No cal pagar quotes addicionals ni instal\u00b7lar aplicacions externes: tot est\u00e0 integrat al propi dispositiu.<\/p>\n\n\n\n<p><strong>On s\u2019ha de guardar la llum d&#8217;emerg\u00e8ncia V16?<br><\/strong> El dispositiu s\u2019ha de guardar a la guantera del vehicle, accessible i amb bateria, per assegurar-ne l\u2019\u00fas en cas d\u2019emerg\u00e8ncia. \u00c9s important revisar-ne la data de caducitat, impresa a l\u2019env\u00e0s i al dispositiu.<\/p>\n\n\n\n<p><strong>Totes les V16 connectades s\u00f3n v\u00e0lides?<br><\/strong> No tots els dispositius venuts com a &#8220;connectats&#8221; compleixen amb els requisits legals. Consulta el llistat oficial de marques i models certificats per la DGT per assegurar-te que la teva V16 \u00e9s v\u00e0lida. Nom\u00e9s els que han passat el proc\u00e9s de certificaci\u00f3 en laboratoris autoritzats compleixen amb el Reial decret 2822\/1998.<\/p>\n\n\n\n<p><strong>Com s\u2019integra el dispositiu V16 amb la plataforma DGT 3.0?<br><\/strong> Si ets fabricant o distribu\u00efdor i vols connectar els teus dispositius a la plataforma DGT 3.0, nom\u00e9s cal omplir un formulari de sol\u00b7licitud al web oficial de la DGT. Un cop enviada, la DGT revisar\u00e0 la informaci\u00f3 i es posar\u00e0 en contacte per indicar els seg\u00fcents passos.<\/p>\n\n\n\n<p><strong>Un futur m\u00e9s segur<\/strong><strong><br><\/strong> El dispositiu V16 representa un gran aven\u00e7 en la seguretat vi\u00e0ria a Espanya. Amb la seva capacitat per augmentar la visibilitat dels vehicles accidentats i connectar-se amb la DGT 3.0, no nom\u00e9s protegeix els conductors, sin\u00f3 tamb\u00e9 la resta d\u2019usuaris de la via.<\/p>\n\n\n\n<p>Com que ser\u00e0 obligatori el 2026, comprar una llum d&#8217;emerg\u00e8ncia V16 connectada ara \u00e9s una decisi\u00f3 intel\u00b7ligent per garantir la teva seguretat i evitar despeses futures. Tria sempre un model certificat i mantingues-lo carregat i a m\u00e0.<\/p>\n\n\n\n<p>A <strong>Rodi Motor Services<\/strong> ens importa la teva seguretat i volem mantenir-te informat sobre les novetats normatives. Fes avui una revisi\u00f3 preventiva i consulta els \u00faltims canvis a la normativa vi\u00e0ria.<\/p>\n\n\n\n<div style=\"text-align: center;\">\n<a class=\"wp-block-button__link has-text-color has-background wp-element-button\"\nhref=\"https:\/\/www.rodi.es\/coche\/accesorios\/seguridad\/picoya-luz-emergencia-v16-homologada-34940\/\"\nstyle=\"color:#0f0f0f;background-color:#f6d000\">\nCOMPRAR DISPOSITIU V16\n<\/a>\n<\/div>\n","protected":false},"excerpt":{"rendered":"<p>La seguretat vi\u00e0ria \u00e9s una prioritat i un tema \u00e0mpliament debatut per les autoritats i conductors arreu del m\u00f3n. Actualment, el centre de l\u2019atenci\u00f3 est\u00e0 en la implementaci\u00f3 de les llums d&#8217;emerg\u00e8ncia V16, obligat\u00f2ries des de l&#8217;1 de gener de 2026. A Espanya, la Direcci\u00f3 General de Tr\u00e0nsit (DGT) ha fet un pas innovador amb &hellip; <\/p>\n<p class=\"link-more\"><a href=\"https:\/\/www.rodi.cat\/blog\/futur-seguretat-viaria-dispositiu-v16-espanya\/\" class=\"more-link\">Seguir llegint<span class=\"screen-reader-text\"> &#8220;El futur de la seguretat vi\u00e0ria: tot sobre les llums d&#8217;emerg\u00e8ncia V16 a Espanya&#8221;<\/span><\/a><\/p>\n","protected":false},"author":3,"featured_media":11323,"comment_status":"closed","ping_status":"closed","sticky":false,"template":"","format":"standard","meta":{"footnotes":""},"categories":[2],"tags":[],"yoast_head":"<!-- This site is optimized with the Yoast SEO plugin v24.4 - https:\/\/yoast.com\/wordpress\/plugins\/seo\/ -->\n<title>El futur de la seguretat vi\u00e0ria: tot sobre les llums d&#039;emerg\u00e8ncia V16 a Espanya - Rodi Motor Services<\/title>\n<meta name=\"description\" content=\"El dispositiu de presegnalitzaci\u00f3 V16 transformar\u00e0 la seguretat vi\u00e0ria a Espanya. El dispositiu ser\u00e0 obligatori a partir del 2026. \ud83d\udea8\" \/>\n<meta name=\"robots\" content=\"index, follow, max-snippet:-1, max-image-preview:large, max-video-preview:-1\" \/>\n<link rel=\"canonical\" href=\"https:\/\/www.rodi.cat\/blog\/futur-seguretat-viaria-dispositiu-v16-espanya\/\" \/>\n<meta property=\"og:locale\" content=\"ca_ES\" \/>\n<meta property=\"og:type\" content=\"article\" \/>\n<meta property=\"og:title\" content=\"El futur de la seguretat vi\u00e0ria: tot sobre les llums d&#039;emerg\u00e8ncia V16 a Espanya - Rodi Motor Services\" \/>\n<meta property=\"og:description\" content=\"El dispositiu de presegnalitzaci\u00f3 V16 transformar\u00e0 la seguretat vi\u00e0ria a Espanya. El dispositiu ser\u00e0 obligatori a partir del 2026. \ud83d\udea8\" \/>\n<meta property=\"og:url\" content=\"https:\/\/www.rodi.cat\/blog\/futur-seguretat-viaria-dispositiu-v16-espanya\/\" \/>\n<meta property=\"og:site_name\" content=\"Rodi Motor Services\" \/>\n<meta property=\"article:publisher\" content=\"https:\/\/www.facebook.com\/rodimotorservices\" \/>\n<meta property=\"article:published_time\" content=\"2025-10-31T04:00:00+00:00\" \/>\n<meta property=\"article:modified_time\" content=\"2026-02-16T09:24:29+00:00\" \/>\n<meta property=\"og:image\" content=\"https:\/\/www.rodi.cat\/blog\/wp-content\/uploads\/2025\/05\/dispositivo-de-senalizacion-v16.jpg\" \/>\n\t<meta property=\"og:image:width\" content=\"740\" \/>\n\t<meta property=\"og:image:height\" content=\"478\" \/>\n\t<meta property=\"og:image:type\" content=\"image\/jpeg\" \/>\n<meta name=\"author\" content=\"Fabian\" \/>\n<meta name=\"twitter:card\" content=\"summary_large_image\" \/>\n<meta name=\"twitter:creator\" content=\"@MotorRodi\" \/>\n<meta name=\"twitter:site\" content=\"@MotorRodi\" \/>\n<meta name=\"twitter:label1\" content=\"Escrit per\" \/>\n\t<meta name=\"twitter:data1\" content=\"Fabian\" \/>\n\t<meta name=\"twitter:label2\" content=\"Temps estimat de lectura\" \/>\n\t<meta name=\"twitter:data2\" content=\"6 minuts\" \/>\n<script type=\"application\/ld+json\" class=\"yoast-schema-graph\">{\"@context\":\"https:\/\/schema.org\",\"@graph\":[{\"@type\":\"Article\",\"@id\":\"https:\/\/www.rodi.cat\/blog\/futur-seguretat-viaria-dispositiu-v16-espanya\/#article\",\"isPartOf\":{\"@id\":\"https:\/\/www.rodi.cat\/blog\/futur-seguretat-viaria-dispositiu-v16-espanya\/\"},\"author\":{\"name\":\"Fabian\",\"@id\":\"https:\/\/www.rodi.cat\/blog\/#\/schema\/person\/67317e62d3609189db61ab29fe7d5a21\"},\"headline\":\"El futur de la seguretat vi\u00e0ria: tot sobre les llums d&#8217;emerg\u00e8ncia V16 a Espanya\",\"datePublished\":\"2025-10-31T04:00:00+00:00\",\"dateModified\":\"2026-02-16T09:24:29+00:00\",\"mainEntityOfPage\":{\"@id\":\"https:\/\/www.rodi.cat\/blog\/futur-seguretat-viaria-dispositiu-v16-espanya\/\"},\"wordCount\":1167,\"publisher\":{\"@id\":\"https:\/\/www.rodi.cat\/blog\/#organization\"},\"image\":{\"@id\":\"https:\/\/www.rodi.cat\/blog\/futur-seguretat-viaria-dispositiu-v16-espanya\/#primaryimage\"},\"thumbnailUrl\":\"https:\/\/www.rodi.cat\/blog\/wp-content\/uploads\/2025\/05\/dispositivo-de-senalizacion-v16.jpg\",\"inLanguage\":\"ca\"},{\"@type\":\"WebPage\",\"@id\":\"https:\/\/www.rodi.cat\/blog\/futur-seguretat-viaria-dispositiu-v16-espanya\/\",\"url\":\"https:\/\/www.rodi.cat\/blog\/futur-seguretat-viaria-dispositiu-v16-espanya\/\",\"name\":\"El futur de la seguretat vi\u00e0ria: tot sobre les llums d'emerg\u00e8ncia V16 a Espanya - Rodi Motor Services\",\"isPartOf\":{\"@id\":\"https:\/\/www.rodi.cat\/blog\/#website\"},\"primaryImageOfPage\":{\"@id\":\"https:\/\/www.rodi.cat\/blog\/futur-seguretat-viaria-dispositiu-v16-espanya\/#primaryimage\"},\"image\":{\"@id\":\"https:\/\/www.rodi.cat\/blog\/futur-seguretat-viaria-dispositiu-v16-espanya\/#primaryimage\"},\"thumbnailUrl\":\"https:\/\/www.rodi.cat\/blog\/wp-content\/uploads\/2025\/05\/dispositivo-de-senalizacion-v16.jpg\",\"datePublished\":\"2025-10-31T04:00:00+00:00\",\"dateModified\":\"2026-02-16T09:24:29+00:00\",\"description\":\"El dispositiu de presegnalitzaci\u00f3 V16 transformar\u00e0 la seguretat vi\u00e0ria a Espanya. El dispositiu ser\u00e0 obligatori a partir del 2026. \ud83d\udea8\",\"breadcrumb\":{\"@id\":\"https:\/\/www.rodi.cat\/blog\/futur-seguretat-viaria-dispositiu-v16-espanya\/#breadcrumb\"},\"inLanguage\":\"ca\",\"potentialAction\":[{\"@type\":\"ReadAction\",\"target\":[\"https:\/\/www.rodi.cat\/blog\/futur-seguretat-viaria-dispositiu-v16-espanya\/\"]}]},{\"@type\":\"ImageObject\",\"inLanguage\":\"ca\",\"@id\":\"https:\/\/www.rodi.cat\/blog\/futur-seguretat-viaria-dispositiu-v16-espanya\/#primaryimage\",\"url\":\"https:\/\/www.rodi.cat\/blog\/wp-content\/uploads\/2025\/05\/dispositivo-de-senalizacion-v16.jpg\",\"contentUrl\":\"https:\/\/www.rodi.cat\/blog\/wp-content\/uploads\/2025\/05\/dispositivo-de-senalizacion-v16.jpg\",\"width\":740,\"height\":478},{\"@type\":\"BreadcrumbList\",\"@id\":\"https:\/\/www.rodi.cat\/blog\/futur-seguretat-viaria-dispositiu-v16-espanya\/#breadcrumb\",\"itemListElement\":[{\"@type\":\"ListItem\",\"position\":1,\"name\":\"Portada\",\"item\":\"https:\/\/www.rodi.cat\/blog\/\"},{\"@type\":\"ListItem\",\"position\":2,\"name\":\"El futur de la seguretat vi\u00e0ria: tot sobre les llums d&#8217;emerg\u00e8ncia V16 a Espanya\"}]},{\"@type\":\"WebSite\",\"@id\":\"https:\/\/www.rodi.cat\/blog\/#website\",\"url\":\"https:\/\/www.rodi.cat\/blog\/\",\"name\":\"Rodi Motor Services\",\"description\":\"Neum\u00e1ticos al mejor precio\",\"publisher\":{\"@id\":\"https:\/\/www.rodi.cat\/blog\/#organization\"},\"potentialAction\":[{\"@type\":\"SearchAction\",\"target\":{\"@type\":\"EntryPoint\",\"urlTemplate\":\"https:\/\/www.rodi.cat\/blog\/?s={search_term_string}\"},\"query-input\":{\"@type\":\"PropertyValueSpecification\",\"valueRequired\":true,\"valueName\":\"search_term_string\"}}],\"inLanguage\":\"ca\"},{\"@type\":\"Organization\",\"@id\":\"https:\/\/www.rodi.cat\/blog\/#organization\",\"name\":\"Rodi Motor Services\",\"url\":\"https:\/\/www.rodi.cat\/blog\/\",\"logo\":{\"@type\":\"ImageObject\",\"inLanguage\":\"ca\",\"@id\":\"https:\/\/www.rodi.cat\/blog\/#\/schema\/logo\/image\/\",\"url\":\"https:\/\/www.rodi.cat\/blog\/wp-content\/uploads\/2020\/05\/logo-rodi.jpg\",\"contentUrl\":\"https:\/\/www.rodi.cat\/blog\/wp-content\/uploads\/2020\/05\/logo-rodi.jpg\",\"width\":250,\"height\":250,\"caption\":\"Rodi Motor Services\"},\"image\":{\"@id\":\"https:\/\/www.rodi.cat\/blog\/#\/schema\/logo\/image\/\"},\"sameAs\":[\"https:\/\/www.facebook.com\/rodimotorservices\",\"https:\/\/x.com\/MotorRodi\",\"https:\/\/www.instagram.com\/rodimotorservices\/\",\"https:\/\/es.linkedin.com\/company\/rodi-motor-services\",\"https:\/\/www.youtube.com\/user\/rodimotorservices\"]},{\"@type\":\"Person\",\"@id\":\"https:\/\/www.rodi.cat\/blog\/#\/schema\/person\/67317e62d3609189db61ab29fe7d5a21\",\"name\":\"Fabian\",\"image\":{\"@type\":\"ImageObject\",\"inLanguage\":\"ca\",\"@id\":\"https:\/\/www.rodi.cat\/blog\/#\/schema\/person\/image\/\",\"url\":\"https:\/\/secure.gravatar.com\/avatar\/20364f4ce4272fefea9858179a5de384?s=96&d=mm&r=g\",\"contentUrl\":\"https:\/\/secure.gravatar.com\/avatar\/20364f4ce4272fefea9858179a5de384?s=96&d=mm&r=g\",\"caption\":\"Fabian\"}}]}<\/script>\n<!-- \/ Yoast SEO plugin. -->","yoast_head_json":{"title":"El futur de la seguretat vi\u00e0ria: tot sobre les llums d'emerg\u00e8ncia V16 a Espanya - Rodi Motor Services","description":"El dispositiu de presegnalitzaci\u00f3 V16 transformar\u00e0 la seguretat vi\u00e0ria a Espanya. El dispositiu ser\u00e0 obligatori a partir del 2026. \ud83d\udea8","robots":{"index":"index","follow":"follow","max-snippet":"max-snippet:-1","max-image-preview":"max-image-preview:large","max-video-preview":"max-video-preview:-1"},"canonical":"https:\/\/www.rodi.cat\/blog\/futur-seguretat-viaria-dispositiu-v16-espanya\/","og_locale":"ca_ES","og_type":"article","og_title":"El futur de la seguretat vi\u00e0ria: tot sobre les llums d'emerg\u00e8ncia V16 a Espanya - Rodi Motor Services","og_description":"El dispositiu de presegnalitzaci\u00f3 V16 transformar\u00e0 la seguretat vi\u00e0ria a Espanya. El dispositiu ser\u00e0 obligatori a partir del 2026. \ud83d\udea8","og_url":"https:\/\/www.rodi.cat\/blog\/futur-seguretat-viaria-dispositiu-v16-espanya\/","og_site_name":"Rodi Motor Services","article_publisher":"https:\/\/www.facebook.com\/rodimotorservices","article_published_time":"2025-10-31T04:00:00+00:00","article_modified_time":"2026-02-16T09:24:29+00:00","og_image":[{"width":740,"height":478,"url":"https:\/\/www.rodi.cat\/blog\/wp-content\/uploads\/2025\/05\/dispositivo-de-senalizacion-v16.jpg","type":"image\/jpeg"}],"author":"Fabian","twitter_card":"summary_large_image","twitter_creator":"@MotorRodi","twitter_site":"@MotorRodi","twitter_misc":{"Escrit per":"Fabian","Temps estimat de lectura":"6 minuts"},"schema":{"@context":"https:\/\/schema.org","@graph":[{"@type":"Article","@id":"https:\/\/www.rodi.cat\/blog\/futur-seguretat-viaria-dispositiu-v16-espanya\/#article","isPartOf":{"@id":"https:\/\/www.rodi.cat\/blog\/futur-seguretat-viaria-dispositiu-v16-espanya\/"},"author":{"name":"Fabian","@id":"https:\/\/www.rodi.cat\/blog\/#\/schema\/person\/67317e62d3609189db61ab29fe7d5a21"},"headline":"El futur de la seguretat vi\u00e0ria: tot sobre les llums d&#8217;emerg\u00e8ncia V16 a Espanya","datePublished":"2025-10-31T04:00:00+00:00","dateModified":"2026-02-16T09:24:29+00:00","mainEntityOfPage":{"@id":"https:\/\/www.rodi.cat\/blog\/futur-seguretat-viaria-dispositiu-v16-espanya\/"},"wordCount":1167,"publisher":{"@id":"https:\/\/www.rodi.cat\/blog\/#organization"},"image":{"@id":"https:\/\/www.rodi.cat\/blog\/futur-seguretat-viaria-dispositiu-v16-espanya\/#primaryimage"},"thumbnailUrl":"https:\/\/www.rodi.cat\/blog\/wp-content\/uploads\/2025\/05\/dispositivo-de-senalizacion-v16.jpg","inLanguage":"ca"},{"@type":"WebPage","@id":"https:\/\/www.rodi.cat\/blog\/futur-seguretat-viaria-dispositiu-v16-espanya\/","url":"https:\/\/www.rodi.cat\/blog\/futur-seguretat-viaria-dispositiu-v16-espanya\/","name":"El futur de la seguretat vi\u00e0ria: tot sobre les llums d'emerg\u00e8ncia V16 a Espanya - Rodi Motor Services","isPartOf":{"@id":"https:\/\/www.rodi.cat\/blog\/#website"},"primaryImageOfPage":{"@id":"https:\/\/www.rodi.cat\/blog\/futur-seguretat-viaria-dispositiu-v16-espanya\/#primaryimage"},"image":{"@id":"https:\/\/www.rodi.cat\/blog\/futur-seguretat-viaria-dispositiu-v16-espanya\/#primaryimage"},"thumbnailUrl":"https:\/\/www.rodi.cat\/blog\/wp-content\/uploads\/2025\/05\/dispositivo-de-senalizacion-v16.jpg","datePublished":"2025-10-31T04:00:00+00:00","dateModified":"2026-02-16T09:24:29+00:00","description":"El dispositiu de presegnalitzaci\u00f3 V16 transformar\u00e0 la seguretat vi\u00e0ria a Espanya. El dispositiu ser\u00e0 obligatori a partir del 2026. \ud83d\udea8","breadcrumb":{"@id":"https:\/\/www.rodi.cat\/blog\/futur-seguretat-viaria-dispositiu-v16-espanya\/#breadcrumb"},"inLanguage":"ca","potentialAction":[{"@type":"ReadAction","target":["https:\/\/www.rodi.cat\/blog\/futur-seguretat-viaria-dispositiu-v16-espanya\/"]}]},{"@type":"ImageObject","inLanguage":"ca","@id":"https:\/\/www.rodi.cat\/blog\/futur-seguretat-viaria-dispositiu-v16-espanya\/#primaryimage","url":"https:\/\/www.rodi.cat\/blog\/wp-content\/uploads\/2025\/05\/dispositivo-de-senalizacion-v16.jpg","contentUrl":"https:\/\/www.rodi.cat\/blog\/wp-content\/uploads\/2025\/05\/dispositivo-de-senalizacion-v16.jpg","width":740,"height":478},{"@type":"BreadcrumbList","@id":"https:\/\/www.rodi.cat\/blog\/futur-seguretat-viaria-dispositiu-v16-espanya\/#breadcrumb","itemListElement":[{"@type":"ListItem","position":1,"name":"Portada","item":"https:\/\/www.rodi.cat\/blog\/"},{"@type":"ListItem","position":2,"name":"El futur de la seguretat vi\u00e0ria: tot sobre les llums d&#8217;emerg\u00e8ncia V16 a Espanya"}]},{"@type":"WebSite","@id":"https:\/\/www.rodi.cat\/blog\/#website","url":"https:\/\/www.rodi.cat\/blog\/","name":"Rodi Motor Services","description":"Neum\u00e1ticos al mejor precio","publisher":{"@id":"https:\/\/www.rodi.cat\/blog\/#organization"},"potentialAction":[{"@type":"SearchAction","target":{"@type":"EntryPoint","urlTemplate":"https:\/\/www.rodi.cat\/blog\/?s={search_term_string}"},"query-input":{"@type":"PropertyValueSpecification","valueRequired":true,"valueName":"search_term_string"}}],"inLanguage":"ca"},{"@type":"Organization","@id":"https:\/\/www.rodi.cat\/blog\/#organization","name":"Rodi Motor Services","url":"https:\/\/www.rodi.cat\/blog\/","logo":{"@type":"ImageObject","inLanguage":"ca","@id":"https:\/\/www.rodi.cat\/blog\/#\/schema\/logo\/image\/","url":"https:\/\/www.rodi.cat\/blog\/wp-content\/uploads\/2020\/05\/logo-rodi.jpg","contentUrl":"https:\/\/www.rodi.cat\/blog\/wp-content\/uploads\/2020\/05\/logo-rodi.jpg","width":250,"height":250,"caption":"Rodi Motor Services"},"image":{"@id":"https:\/\/www.rodi.cat\/blog\/#\/schema\/logo\/image\/"},"sameAs":["https:\/\/www.facebook.com\/rodimotorservices","https:\/\/x.com\/MotorRodi","https:\/\/www.instagram.com\/rodimotorservices\/","https:\/\/es.linkedin.com\/company\/rodi-motor-services","https:\/\/www.youtube.com\/user\/rodimotorservices"]},{"@type":"Person","@id":"https:\/\/www.rodi.cat\/blog\/#\/schema\/person\/67317e62d3609189db61ab29fe7d5a21","name":"Fabian","image":{"@type":"ImageObject","inLanguage":"ca","@id":"https:\/\/www.rodi.cat\/blog\/#\/schema\/person\/image\/","url":"https:\/\/secure.gravatar.com\/avatar\/20364f4ce4272fefea9858179a5de384?s=96&d=mm&r=g","contentUrl":"https:\/\/secure.gravatar.com\/avatar\/20364f4ce4272fefea9858179a5de384?s=96&d=mm&r=g","caption":"Fabian"}}]}},"_links":{"self":[{"href":"https:\/\/www.rodi.cat\/blog\/wp-json\/wp\/v2\/posts\/11327"}],"collection":[{"href":"https:\/\/www.rodi.cat\/blog\/wp-json\/wp\/v2\/posts"}],"about":[{"href":"https:\/\/www.rodi.cat\/blog\/wp-json\/wp\/v2\/types\/post"}],"author":[{"embeddable":true,"href":"https:\/\/www.rodi.cat\/blog\/wp-json\/wp\/v2\/users\/3"}],"replies":[{"embeddable":true,"href":"https:\/\/www.rodi.cat\/blog\/wp-json\/wp\/v2\/comments?post=11327"}],"version-history":[{"count":13,"href":"https:\/\/www.rodi.cat\/blog\/wp-json\/wp\/v2\/posts\/11327\/revisions"}],"predecessor-version":[{"id":12459,"href":"https:\/\/www.rodi.cat\/blog\/wp-json\/wp\/v2\/posts\/11327\/revisions\/12459"}],"wp:featuredmedia":[{"embeddable":true,"href":"https:\/\/www.rodi.cat\/blog\/wp-json\/wp\/v2\/media\/11323"}],"wp:attachment":[{"href":"https:\/\/www.rodi.cat\/blog\/wp-json\/wp\/v2\/media?parent=11327"}],"wp:term":[{"taxonomy":"category","embeddable":true,"href":"https:\/\/www.rodi.cat\/blog\/wp-json\/wp\/v2\/categories?post=11327"},{"taxonomy":"post_tag","embeddable":true,"href":"https:\/\/www.rodi.cat\/blog\/wp-json\/wp\/v2\/tags?post=11327"}],"curies":[{"name":"wp","href":"https:\/\/api.w.org\/{rel}","templated":true}]}}