{"id":12520,"date":"2026-03-13T04:00:29","date_gmt":"2026-03-13T04:00:29","guid":{"rendered":"https:\/\/www.rodi.es\/blog\/?p=12520"},"modified":"2026-03-13T07:46:07","modified_gmt":"2026-03-13T07:46:07","slug":"5-anys-rodant-a-galicia-rodi-passa-de-8-tallers-a-19-per-estar-mes-a-prop-teu","status":"publish","type":"post","link":"https:\/\/www.rodi.cat\/blog\/5-anys-rodant-a-galicia-rodi-passa-de-8-tallers-a-19-per-estar-mes-a-prop-teu\/","title":{"rendered":"5 anys rodant a Gal\u00edcia: Rodi passa de 8 tallers a 19 per estar m\u00e9s a prop teu"},"content":{"rendered":"\n<p>Fa un lustre, Rodi Motor Services va arribar a Gal\u00edcia amb una idea clara: iniciar operacions al territori no nom\u00e9s amb l\u2019objectiu d\u2019obrir tallers, sin\u00f3 per integrar-se i formar part, per quedar-s\u2019hi. Avui, cinc anys despr\u00e9s, som 19 centres, 200 professionals i milers de clients que confien en nosaltres a les quatre prov\u00edncies: A Coru\u00f1a, Pontevedra, Ourense i Lugo.<\/p>\n\n\n\n<p>Per\u00f2 el que m\u00e9s ens enorgulleix no s\u00f3n els n\u00fameros. \u00c9s haver aconseguit rescatar empreses hist\u00f2riques, haver format equips locals i haver convertit tallers en punts de trobada on el teu cotxe sempre est\u00e0 en bones mans, gr\u00e0cies a la nostra preocupaci\u00f3 constant per l\u2019especialitzaci\u00f3 del nostre equip.<\/p>\n\n\n\n<p><strong>Tot va comen\u00e7ar amb Louz\u00e1n: 80 anys d\u2019hist\u00f2ria que no vol\u00edem perdre<\/strong><\/p>\n\n\n\n<p>L\u2019any 2021 vam adquirir la xarxa de tallers Louz\u00e1n, una empresa familiar amb m\u00e9s de 80 anys de traject\u00f2ria a Gal\u00edcia. En aquell moment, Louz\u00e1n travessava una etapa dif\u00edcil. Nosaltres vam entendre el context i vam veure alguna cosa m\u00e9s: potencial, persones compromeses i arrels profundes a la comunitat.<\/p>\n\n\n\n<p>Aix\u00ed que no la vam \u201cabsorbir\u201d. La vam transformar amb respecte:<\/p>\n\n\n\n<ul>\n<li>Vam modernitzar les instal\u00b7lacions sense perdre\u2019n l\u2019ess\u00e8ncia.<\/li>\n\n\n\n<li>Vam incorporar maquin\u00e0ria d\u2019\u00faltima generaci\u00f3.<\/li>\n\n\n\n<li>Vam formar els equips segons els nostres est\u00e0ndards de servei\u2026 per\u00f2 aprenent tamb\u00e9 de la seva experi\u00e8ncia gallega, una cosa molt valuosa.<\/li>\n<\/ul>\n\n\n\n<p>Avui, molts d\u2019aquests professionals continuen amb nosaltres, colze a colze en un llarg cam\u00ed. Perqu\u00e8 a Rodi creiem en les persones abans que en els n\u00fameros i ells ho saben.<\/p>\n\n\n\n<p><strong>El salt definitiu: la integraci\u00f3 del Grup Salco<\/strong><\/p>\n\n\n\n<p>El punt d\u2019inflexi\u00f3 va arribar amb l\u2019adquisici\u00f3 del Grup Salco, fundat el 1973 a Vigo per Fidel Salinas. Mig segle d\u2019hist\u00f2ria, 10 tallers i 113 professionals que es van unir a la fam\u00edlia Rodi.<\/p>\n\n\n\n<p>Amb Salco no nom\u00e9s vam cr\u00e9ixer en mida:<\/p>\n\n\n\n<ul>\n<li>Vam refor\u00e7ar el nostre servei a flotes i vehicles industrials.<\/li>\n\n\n\n<li>Vam centralitzar l\u2019atenci\u00f3 al client des del nostre call center gallec.<\/li>\n\n\n\n<li>Vam impulsar la digitalitzaci\u00f3 de tallers que portaven d\u00e8cades funcionant amb m\u00e8todes tradicionals.<\/li>\n<\/ul>\n\n\n\n<p>\u201cNo va ser una operaci\u00f3 financera. Va ser un comprom\u00eds amb Gal\u00edcia\u201d, resumeix David Saumell, director d\u2019operacions de Rodi a la comunitat.<\/p>\n\n\n\n<p><strong>I ara, Lugo: el taller m\u00e9s gran de Gal\u00edcia per al teu turisme o moto<\/strong><\/p>\n\n\n\n<p>La setmana passada vam fer un altre gran pas: <a href=\"https:\/\/www.rodi.cat\/blog\/taller-rodi-motor-services-lugo\/\">vam obrir el nostre taller n\u00famero 19 a Lugo<\/a>, situat a l\u2019Avda. Benigno Rivera, 30 (Pol\u00edgon O Ceao). Amb 4.500 m\u00b2, \u00e9s el taller multimarca m\u00e9s gran de Gal\u00edcia dedicat exclusivament a turismes i motos. Per\u00f2 el que realment importa \u00e9s:<\/p>\n\n\n\n<ul>\n<li>\u00c9s a 1 minut del centre de Lugo: sense perdre temps en despla\u00e7aments.<\/li>\n\n\n\n<li>Aparcament privat ampli: perqu\u00e8 aparquis sense estr\u00e8s.<\/li>\n\n\n\n<li>Servei integral: des de canvis d\u2019oli fins a diagnosi electr\u00f2nica multimarca.<\/li>\n\n\n\n<li>Atenci\u00f3 a flotes: perqu\u00e8 a Gal\u00edcia moltes empreses depenen dels seus vehicles per treballar.<\/li>\n<\/ul>\n\n\n\n<p><strong>Aix\u00f2 \u00e9s una cosa que volem celebrar amb tu<\/strong><\/p>\n\n\n\n<p>En cinc anys poden passar moltes coses i per aix\u00f2 sempre estem agra\u00efts, perqu\u00e8 quan mirem enrere veiem tot el que hem avan\u00e7at i sabem que aquests anys no s\u00f3n nostres, s\u00f3n teus i de cada client que ha confiat en nosaltres per moure\u2019s amb seguretat, per una vida m\u00e9s tranquil\u00b7la, per una comunitat que tingui tot el necessari per despla\u00e7ar-se lliurement i cr\u00e9ixer.<\/p>\n\n\n\n<p>Per aix\u00f2, durant tot el 2026, el dia 5 de cada mes tindrem accions especials a tots els nostres tallers de Gal\u00edcia:<\/p>\n\n\n\n<ul>\n<li>Descomptes en revisions pre-ITV.<\/li>\n\n\n\n<li>Ofertes en gomes de qualitat.<\/li>\n\n\n\n<li>Regals sorpresa per a qui passi a saludar.<\/li>\n<\/ul>\n\n\n\n<p>Pr\u00f2xima cita:<strong> 5 d\u2019abril.<\/strong> Apunta la data!<\/p>\n\n\n\n<p><strong>Gal\u00edcia ja t\u00e9 el seu taller de confian\u00e7a<\/strong><\/p>\n\n\n\n<p>Som conscients que no som la cadena m\u00e9s gran d\u2019Espanya, perqu\u00e8 vam triar estar on ens necessites i ser el teu taller ve\u00ed, el que coneix el teu cotxe, el que coneix la teva rutina perqu\u00e8 recorre els mateixos carrers que tu i ent\u00e9n les necessitats teves i del teu vehicle. No som aqu\u00ed nom\u00e9s per fer negoci, hem vingut per quedar-nos i per acompanyar-te. Ens visites aquest mes?<\/p>\n\n\n\n<p>Troba el teu taller Rodi m\u00e9s proper a Gal\u00edcia i aprofita les promocions del dia 5 de cada mes:<\/p>\n\n\n\n<ul>\n<li>A Coru\u00f1a: 7 tallers<\/li>\n\n\n\n<li>Pontevedra: 7 tallers<\/li>\n\n\n\n<li>Ourense: 2 tallers<\/li>\n\n\n\n<li>Lugo: 3 tallers (incloent el nou gegant de 4.500 m\u00b2!)<\/li>\n<\/ul>\n\n\n\n<div style=\"text-align: center;\">\n<a class=\"wp-block-button__link has-text-color has-background wp-element-button\"\nhref=\"https:\/\/www.rodi.cat\/cita-previa\/seleccio-taller\/\"\nstyle=\"color:#0f0f0f;background-color:#f6d000\">\nTroba el teu taller RODI\n<\/a>\n<\/div\n\n\n\n<p><\/p>\n\n\n\n<p>Moltes gr\u00e0cies per aquests 5 anys. Els pr\u00f2xims 5 seran encara millors.<\/p>\n","protected":false},"excerpt":{"rendered":"<p>Fa un lustre, Rodi Motor Services va arribar a Gal\u00edcia amb una idea clara: iniciar operacions al territori no nom\u00e9s amb l\u2019objectiu d\u2019obrir tallers, sin\u00f3 per integrar-se i formar part, per quedar-s\u2019hi. Avui, cinc anys despr\u00e9s, som 19 centres, 200 professionals i milers de clients que confien en nosaltres a les quatre prov\u00edncies: A Coru\u00f1a, &hellip; <\/p>\n<p class=\"link-more\"><a href=\"https:\/\/www.rodi.cat\/blog\/5-anys-rodant-a-galicia-rodi-passa-de-8-tallers-a-19-per-estar-mes-a-prop-teu\/\" class=\"more-link\">Seguir llegint<span class=\"screen-reader-text\"> &#8220;5 anys rodant a Gal\u00edcia: Rodi passa de 8 tallers a 19 per estar m\u00e9s a prop teu&#8221;<\/span><\/a><\/p>\n","protected":false},"author":3,"featured_media":12517,"comment_status":"closed","ping_status":"closed","sticky":false,"template":"","format":"standard","meta":{"footnotes":""},"categories":[2],"tags":[],"yoast_head":"<!-- This site is optimized with the Yoast SEO plugin v24.4 - https:\/\/yoast.com\/wordpress\/plugins\/seo\/ -->\n<title>5 anys rodant a Gal\u00edcia: Rodi passa de 8 tallers a 19 per estar m\u00e9s a prop teu - Rodi Motor Services<\/title>\n<meta name=\"description\" content=\"Rodi celebra 5 anys a Gal\u00edcia passant de 8 a 19 tallers. Descobreix el seu creixement, el nou centre de Lugo i les promocions especials del dia 5 de cada mes!\" \/>\n<meta name=\"robots\" content=\"index, follow, max-snippet:-1, max-image-preview:large, max-video-preview:-1\" \/>\n<link rel=\"canonical\" href=\"https:\/\/www.rodi.cat\/blog\/5-anys-rodant-a-galicia-rodi-passa-de-8-tallers-a-19-per-estar-mes-a-prop-teu\/\" \/>\n<meta property=\"og:locale\" content=\"ca_ES\" \/>\n<meta property=\"og:type\" content=\"article\" \/>\n<meta property=\"og:title\" content=\"5 anys rodant a Gal\u00edcia: Rodi passa de 8 tallers a 19 per estar m\u00e9s a prop teu - Rodi Motor Services\" \/>\n<meta property=\"og:description\" content=\"Rodi celebra 5 anys a Gal\u00edcia passant de 8 a 19 tallers. Descobreix el seu creixement, el nou centre de Lugo i les promocions especials del dia 5 de cada mes!\" \/>\n<meta property=\"og:url\" content=\"https:\/\/www.rodi.cat\/blog\/5-anys-rodant-a-galicia-rodi-passa-de-8-tallers-a-19-per-estar-mes-a-prop-teu\/\" \/>\n<meta property=\"og:site_name\" content=\"Rodi Motor Services\" \/>\n<meta property=\"article:publisher\" content=\"https:\/\/www.facebook.com\/rodimotorservices\" \/>\n<meta property=\"article:published_time\" content=\"2026-03-13T04:00:29+00:00\" \/>\n<meta property=\"article:modified_time\" content=\"2026-03-13T07:46:07+00:00\" \/>\n<meta property=\"og:image\" content=\"https:\/\/www.rodi.cat\/blog\/wp-content\/uploads\/2026\/03\/5-anos-en-galicia.jpg\" \/>\n\t<meta property=\"og:image:width\" content=\"740\" \/>\n\t<meta property=\"og:image:height\" content=\"478\" \/>\n\t<meta property=\"og:image:type\" content=\"image\/jpeg\" \/>\n<meta name=\"author\" content=\"Fabian\" \/>\n<meta name=\"twitter:card\" content=\"summary_large_image\" \/>\n<meta name=\"twitter:creator\" content=\"@MotorRodi\" \/>\n<meta name=\"twitter:site\" content=\"@MotorRodi\" \/>\n<meta name=\"twitter:label1\" content=\"Escrit per\" \/>\n\t<meta name=\"twitter:data1\" content=\"Fabian\" \/>\n\t<meta name=\"twitter:label2\" content=\"Temps estimat de lectura\" \/>\n\t<meta name=\"twitter:data2\" content=\"4 minuts\" \/>\n<script type=\"application\/ld+json\" class=\"yoast-schema-graph\">{\"@context\":\"https:\/\/schema.org\",\"@graph\":[{\"@type\":\"Article\",\"@id\":\"https:\/\/www.rodi.cat\/blog\/5-anys-rodant-a-galicia-rodi-passa-de-8-tallers-a-19-per-estar-mes-a-prop-teu\/#article\",\"isPartOf\":{\"@id\":\"https:\/\/www.rodi.cat\/blog\/5-anys-rodant-a-galicia-rodi-passa-de-8-tallers-a-19-per-estar-mes-a-prop-teu\/\"},\"author\":{\"name\":\"Fabian\",\"@id\":\"https:\/\/www.rodi.cat\/blog\/#\/schema\/person\/67317e62d3609189db61ab29fe7d5a21\"},\"headline\":\"5 anys rodant a Gal\u00edcia: Rodi passa de 8 tallers a 19 per estar m\u00e9s a prop teu\",\"datePublished\":\"2026-03-13T04:00:29+00:00\",\"dateModified\":\"2026-03-13T07:46:07+00:00\",\"mainEntityOfPage\":{\"@id\":\"https:\/\/www.rodi.cat\/blog\/5-anys-rodant-a-galicia-rodi-passa-de-8-tallers-a-19-per-estar-mes-a-prop-teu\/\"},\"wordCount\":779,\"publisher\":{\"@id\":\"https:\/\/www.rodi.cat\/blog\/#organization\"},\"image\":{\"@id\":\"https:\/\/www.rodi.cat\/blog\/5-anys-rodant-a-galicia-rodi-passa-de-8-tallers-a-19-per-estar-mes-a-prop-teu\/#primaryimage\"},\"thumbnailUrl\":\"https:\/\/www.rodi.cat\/blog\/wp-content\/uploads\/2026\/03\/5-anos-en-galicia.jpg\",\"inLanguage\":\"ca\"},{\"@type\":\"WebPage\",\"@id\":\"https:\/\/www.rodi.cat\/blog\/5-anys-rodant-a-galicia-rodi-passa-de-8-tallers-a-19-per-estar-mes-a-prop-teu\/\",\"url\":\"https:\/\/www.rodi.cat\/blog\/5-anys-rodant-a-galicia-rodi-passa-de-8-tallers-a-19-per-estar-mes-a-prop-teu\/\",\"name\":\"5 anys rodant a Gal\u00edcia: Rodi passa de 8 tallers a 19 per estar m\u00e9s a prop teu - Rodi Motor Services\",\"isPartOf\":{\"@id\":\"https:\/\/www.rodi.cat\/blog\/#website\"},\"primaryImageOfPage\":{\"@id\":\"https:\/\/www.rodi.cat\/blog\/5-anys-rodant-a-galicia-rodi-passa-de-8-tallers-a-19-per-estar-mes-a-prop-teu\/#primaryimage\"},\"image\":{\"@id\":\"https:\/\/www.rodi.cat\/blog\/5-anys-rodant-a-galicia-rodi-passa-de-8-tallers-a-19-per-estar-mes-a-prop-teu\/#primaryimage\"},\"thumbnailUrl\":\"https:\/\/www.rodi.cat\/blog\/wp-content\/uploads\/2026\/03\/5-anos-en-galicia.jpg\",\"datePublished\":\"2026-03-13T04:00:29+00:00\",\"dateModified\":\"2026-03-13T07:46:07+00:00\",\"description\":\"Rodi celebra 5 anys a Gal\u00edcia passant de 8 a 19 tallers. Descobreix el seu creixement, el nou centre de Lugo i les promocions especials del dia 5 de cada mes!\",\"breadcrumb\":{\"@id\":\"https:\/\/www.rodi.cat\/blog\/5-anys-rodant-a-galicia-rodi-passa-de-8-tallers-a-19-per-estar-mes-a-prop-teu\/#breadcrumb\"},\"inLanguage\":\"ca\",\"potentialAction\":[{\"@type\":\"ReadAction\",\"target\":[\"https:\/\/www.rodi.cat\/blog\/5-anys-rodant-a-galicia-rodi-passa-de-8-tallers-a-19-per-estar-mes-a-prop-teu\/\"]}]},{\"@type\":\"ImageObject\",\"inLanguage\":\"ca\",\"@id\":\"https:\/\/www.rodi.cat\/blog\/5-anys-rodant-a-galicia-rodi-passa-de-8-tallers-a-19-per-estar-mes-a-prop-teu\/#primaryimage\",\"url\":\"https:\/\/www.rodi.cat\/blog\/wp-content\/uploads\/2026\/03\/5-anos-en-galicia.jpg\",\"contentUrl\":\"https:\/\/www.rodi.cat\/blog\/wp-content\/uploads\/2026\/03\/5-anos-en-galicia.jpg\",\"width\":740,\"height\":478},{\"@type\":\"BreadcrumbList\",\"@id\":\"https:\/\/www.rodi.cat\/blog\/5-anys-rodant-a-galicia-rodi-passa-de-8-tallers-a-19-per-estar-mes-a-prop-teu\/#breadcrumb\",\"itemListElement\":[{\"@type\":\"ListItem\",\"position\":1,\"name\":\"Portada\",\"item\":\"https:\/\/www.rodi.cat\/blog\/\"},{\"@type\":\"ListItem\",\"position\":2,\"name\":\"5 anys rodant a Gal\u00edcia: Rodi passa de 8 tallers a 19 per estar m\u00e9s a prop teu\"}]},{\"@type\":\"WebSite\",\"@id\":\"https:\/\/www.rodi.cat\/blog\/#website\",\"url\":\"https:\/\/www.rodi.cat\/blog\/\",\"name\":\"Rodi Motor Services\",\"description\":\"Neum\u00e1ticos al mejor precio\",\"publisher\":{\"@id\":\"https:\/\/www.rodi.cat\/blog\/#organization\"},\"potentialAction\":[{\"@type\":\"SearchAction\",\"target\":{\"@type\":\"EntryPoint\",\"urlTemplate\":\"https:\/\/www.rodi.cat\/blog\/?s={search_term_string}\"},\"query-input\":{\"@type\":\"PropertyValueSpecification\",\"valueRequired\":true,\"valueName\":\"search_term_string\"}}],\"inLanguage\":\"ca\"},{\"@type\":\"Organization\",\"@id\":\"https:\/\/www.rodi.cat\/blog\/#organization\",\"name\":\"Rodi Motor Services\",\"url\":\"https:\/\/www.rodi.cat\/blog\/\",\"logo\":{\"@type\":\"ImageObject\",\"inLanguage\":\"ca\",\"@id\":\"https:\/\/www.rodi.cat\/blog\/#\/schema\/logo\/image\/\",\"url\":\"https:\/\/www.rodi.cat\/blog\/wp-content\/uploads\/2020\/05\/logo-rodi.jpg\",\"contentUrl\":\"https:\/\/www.rodi.cat\/blog\/wp-content\/uploads\/2020\/05\/logo-rodi.jpg\",\"width\":250,\"height\":250,\"caption\":\"Rodi Motor Services\"},\"image\":{\"@id\":\"https:\/\/www.rodi.cat\/blog\/#\/schema\/logo\/image\/\"},\"sameAs\":[\"https:\/\/www.facebook.com\/rodimotorservices\",\"https:\/\/x.com\/MotorRodi\",\"https:\/\/www.instagram.com\/rodimotorservices\/\",\"https:\/\/es.linkedin.com\/company\/rodi-motor-services\",\"https:\/\/www.youtube.com\/user\/rodimotorservices\"]},{\"@type\":\"Person\",\"@id\":\"https:\/\/www.rodi.cat\/blog\/#\/schema\/person\/67317e62d3609189db61ab29fe7d5a21\",\"name\":\"Fabian\",\"image\":{\"@type\":\"ImageObject\",\"inLanguage\":\"ca\",\"@id\":\"https:\/\/www.rodi.cat\/blog\/#\/schema\/person\/image\/\",\"url\":\"https:\/\/secure.gravatar.com\/avatar\/20364f4ce4272fefea9858179a5de384?s=96&d=mm&r=g\",\"contentUrl\":\"https:\/\/secure.gravatar.com\/avatar\/20364f4ce4272fefea9858179a5de384?s=96&d=mm&r=g\",\"caption\":\"Fabian\"}}]}<\/script>\n<!-- \/ Yoast SEO plugin. -->","yoast_head_json":{"title":"5 anys rodant a Gal\u00edcia: Rodi passa de 8 tallers a 19 per estar m\u00e9s a prop teu - Rodi Motor Services","description":"Rodi celebra 5 anys a Gal\u00edcia passant de 8 a 19 tallers. Descobreix el seu creixement, el nou centre de Lugo i les promocions especials del dia 5 de cada mes!","robots":{"index":"index","follow":"follow","max-snippet":"max-snippet:-1","max-image-preview":"max-image-preview:large","max-video-preview":"max-video-preview:-1"},"canonical":"https:\/\/www.rodi.cat\/blog\/5-anys-rodant-a-galicia-rodi-passa-de-8-tallers-a-19-per-estar-mes-a-prop-teu\/","og_locale":"ca_ES","og_type":"article","og_title":"5 anys rodant a Gal\u00edcia: Rodi passa de 8 tallers a 19 per estar m\u00e9s a prop teu - Rodi Motor Services","og_description":"Rodi celebra 5 anys a Gal\u00edcia passant de 8 a 19 tallers. Descobreix el seu creixement, el nou centre de Lugo i les promocions especials del dia 5 de cada mes!","og_url":"https:\/\/www.rodi.cat\/blog\/5-anys-rodant-a-galicia-rodi-passa-de-8-tallers-a-19-per-estar-mes-a-prop-teu\/","og_site_name":"Rodi Motor Services","article_publisher":"https:\/\/www.facebook.com\/rodimotorservices","article_published_time":"2026-03-13T04:00:29+00:00","article_modified_time":"2026-03-13T07:46:07+00:00","og_image":[{"width":740,"height":478,"url":"https:\/\/www.rodi.cat\/blog\/wp-content\/uploads\/2026\/03\/5-anos-en-galicia.jpg","type":"image\/jpeg"}],"author":"Fabian","twitter_card":"summary_large_image","twitter_creator":"@MotorRodi","twitter_site":"@MotorRodi","twitter_misc":{"Escrit per":"Fabian","Temps estimat de lectura":"4 minuts"},"schema":{"@context":"https:\/\/schema.org","@graph":[{"@type":"Article","@id":"https:\/\/www.rodi.cat\/blog\/5-anys-rodant-a-galicia-rodi-passa-de-8-tallers-a-19-per-estar-mes-a-prop-teu\/#article","isPartOf":{"@id":"https:\/\/www.rodi.cat\/blog\/5-anys-rodant-a-galicia-rodi-passa-de-8-tallers-a-19-per-estar-mes-a-prop-teu\/"},"author":{"name":"Fabian","@id":"https:\/\/www.rodi.cat\/blog\/#\/schema\/person\/67317e62d3609189db61ab29fe7d5a21"},"headline":"5 anys rodant a Gal\u00edcia: Rodi passa de 8 tallers a 19 per estar m\u00e9s a prop teu","datePublished":"2026-03-13T04:00:29+00:00","dateModified":"2026-03-13T07:46:07+00:00","mainEntityOfPage":{"@id":"https:\/\/www.rodi.cat\/blog\/5-anys-rodant-a-galicia-rodi-passa-de-8-tallers-a-19-per-estar-mes-a-prop-teu\/"},"wordCount":779,"publisher":{"@id":"https:\/\/www.rodi.cat\/blog\/#organization"},"image":{"@id":"https:\/\/www.rodi.cat\/blog\/5-anys-rodant-a-galicia-rodi-passa-de-8-tallers-a-19-per-estar-mes-a-prop-teu\/#primaryimage"},"thumbnailUrl":"https:\/\/www.rodi.cat\/blog\/wp-content\/uploads\/2026\/03\/5-anos-en-galicia.jpg","inLanguage":"ca"},{"@type":"WebPage","@id":"https:\/\/www.rodi.cat\/blog\/5-anys-rodant-a-galicia-rodi-passa-de-8-tallers-a-19-per-estar-mes-a-prop-teu\/","url":"https:\/\/www.rodi.cat\/blog\/5-anys-rodant-a-galicia-rodi-passa-de-8-tallers-a-19-per-estar-mes-a-prop-teu\/","name":"5 anys rodant a Gal\u00edcia: Rodi passa de 8 tallers a 19 per estar m\u00e9s a prop teu - Rodi Motor Services","isPartOf":{"@id":"https:\/\/www.rodi.cat\/blog\/#website"},"primaryImageOfPage":{"@id":"https:\/\/www.rodi.cat\/blog\/5-anys-rodant-a-galicia-rodi-passa-de-8-tallers-a-19-per-estar-mes-a-prop-teu\/#primaryimage"},"image":{"@id":"https:\/\/www.rodi.cat\/blog\/5-anys-rodant-a-galicia-rodi-passa-de-8-tallers-a-19-per-estar-mes-a-prop-teu\/#primaryimage"},"thumbnailUrl":"https:\/\/www.rodi.cat\/blog\/wp-content\/uploads\/2026\/03\/5-anos-en-galicia.jpg","datePublished":"2026-03-13T04:00:29+00:00","dateModified":"2026-03-13T07:46:07+00:00","description":"Rodi celebra 5 anys a Gal\u00edcia passant de 8 a 19 tallers. Descobreix el seu creixement, el nou centre de Lugo i les promocions especials del dia 5 de cada mes!","breadcrumb":{"@id":"https:\/\/www.rodi.cat\/blog\/5-anys-rodant-a-galicia-rodi-passa-de-8-tallers-a-19-per-estar-mes-a-prop-teu\/#breadcrumb"},"inLanguage":"ca","potentialAction":[{"@type":"ReadAction","target":["https:\/\/www.rodi.cat\/blog\/5-anys-rodant-a-galicia-rodi-passa-de-8-tallers-a-19-per-estar-mes-a-prop-teu\/"]}]},{"@type":"ImageObject","inLanguage":"ca","@id":"https:\/\/www.rodi.cat\/blog\/5-anys-rodant-a-galicia-rodi-passa-de-8-tallers-a-19-per-estar-mes-a-prop-teu\/#primaryimage","url":"https:\/\/www.rodi.cat\/blog\/wp-content\/uploads\/2026\/03\/5-anos-en-galicia.jpg","contentUrl":"https:\/\/www.rodi.cat\/blog\/wp-content\/uploads\/2026\/03\/5-anos-en-galicia.jpg","width":740,"height":478},{"@type":"BreadcrumbList","@id":"https:\/\/www.rodi.cat\/blog\/5-anys-rodant-a-galicia-rodi-passa-de-8-tallers-a-19-per-estar-mes-a-prop-teu\/#breadcrumb","itemListElement":[{"@type":"ListItem","position":1,"name":"Portada","item":"https:\/\/www.rodi.cat\/blog\/"},{"@type":"ListItem","position":2,"name":"5 anys rodant a Gal\u00edcia: Rodi passa de 8 tallers a 19 per estar m\u00e9s a prop teu"}]},{"@type":"WebSite","@id":"https:\/\/www.rodi.cat\/blog\/#website","url":"https:\/\/www.rodi.cat\/blog\/","name":"Rodi Motor Services","description":"Neum\u00e1ticos al mejor precio","publisher":{"@id":"https:\/\/www.rodi.cat\/blog\/#organization"},"potentialAction":[{"@type":"SearchAction","target":{"@type":"EntryPoint","urlTemplate":"https:\/\/www.rodi.cat\/blog\/?s={search_term_string}"},"query-input":{"@type":"PropertyValueSpecification","valueRequired":true,"valueName":"search_term_string"}}],"inLanguage":"ca"},{"@type":"Organization","@id":"https:\/\/www.rodi.cat\/blog\/#organization","name":"Rodi Motor Services","url":"https:\/\/www.rodi.cat\/blog\/","logo":{"@type":"ImageObject","inLanguage":"ca","@id":"https:\/\/www.rodi.cat\/blog\/#\/schema\/logo\/image\/","url":"https:\/\/www.rodi.cat\/blog\/wp-content\/uploads\/2020\/05\/logo-rodi.jpg","contentUrl":"https:\/\/www.rodi.cat\/blog\/wp-content\/uploads\/2020\/05\/logo-rodi.jpg","width":250,"height":250,"caption":"Rodi Motor Services"},"image":{"@id":"https:\/\/www.rodi.cat\/blog\/#\/schema\/logo\/image\/"},"sameAs":["https:\/\/www.facebook.com\/rodimotorservices","https:\/\/x.com\/MotorRodi","https:\/\/www.instagram.com\/rodimotorservices\/","https:\/\/es.linkedin.com\/company\/rodi-motor-services","https:\/\/www.youtube.com\/user\/rodimotorservices"]},{"@type":"Person","@id":"https:\/\/www.rodi.cat\/blog\/#\/schema\/person\/67317e62d3609189db61ab29fe7d5a21","name":"Fabian","image":{"@type":"ImageObject","inLanguage":"ca","@id":"https:\/\/www.rodi.cat\/blog\/#\/schema\/person\/image\/","url":"https:\/\/secure.gravatar.com\/avatar\/20364f4ce4272fefea9858179a5de384?s=96&d=mm&r=g","contentUrl":"https:\/\/secure.gravatar.com\/avatar\/20364f4ce4272fefea9858179a5de384?s=96&d=mm&r=g","caption":"Fabian"}}]}},"_links":{"self":[{"href":"https:\/\/www.rodi.cat\/blog\/wp-json\/wp\/v2\/posts\/12520"}],"collection":[{"href":"https:\/\/www.rodi.cat\/blog\/wp-json\/wp\/v2\/posts"}],"about":[{"href":"https:\/\/www.rodi.cat\/blog\/wp-json\/wp\/v2\/types\/post"}],"author":[{"embeddable":true,"href":"https:\/\/www.rodi.cat\/blog\/wp-json\/wp\/v2\/users\/3"}],"replies":[{"embeddable":true,"href":"https:\/\/www.rodi.cat\/blog\/wp-json\/wp\/v2\/comments?post=12520"}],"version-history":[{"count":2,"href":"https:\/\/www.rodi.cat\/blog\/wp-json\/wp\/v2\/posts\/12520\/revisions"}],"predecessor-version":[{"id":12524,"href":"https:\/\/www.rodi.cat\/blog\/wp-json\/wp\/v2\/posts\/12520\/revisions\/12524"}],"wp:featuredmedia":[{"embeddable":true,"href":"https:\/\/www.rodi.cat\/blog\/wp-json\/wp\/v2\/media\/12517"}],"wp:attachment":[{"href":"https:\/\/www.rodi.cat\/blog\/wp-json\/wp\/v2\/media?parent=12520"}],"wp:term":[{"taxonomy":"category","embeddable":true,"href":"https:\/\/www.rodi.cat\/blog\/wp-json\/wp\/v2\/categories?post=12520"},{"taxonomy":"post_tag","embeddable":true,"href":"https:\/\/www.rodi.cat\/blog\/wp-json\/wp\/v2\/tags?post=12520"}],"curies":[{"name":"wp","href":"https:\/\/api.w.org\/{rel}","templated":true}]}}