{"id":3714,"date":"2020-10-09T08:35:29","date_gmt":"2020-10-09T08:35:29","guid":{"rendered":"https:\/\/www.rodi.es\/blog\/rodi-motor-services-y-el-balafia-volei-renuevan-su-acuerdo-de-patrocinio-para-la-temporada-2020-2021\/"},"modified":"2020-10-09T10:26:48","modified_gmt":"2020-10-09T10:26:48","slug":"rodi-motor-services-balafia-volei-patrocini-temporada-2020-2021","status":"publish","type":"post","link":"https:\/\/www.rodi.cat\/blog\/rodi-motor-services-balafia-volei-patrocini-temporada-2020-2021\/","title":{"rendered":"Rodi Motor Services i el Bal\u00e0fia V\u00f2lei renoven el seu acord de patrocini per a la temporada 2020-2021"},"content":{"rendered":"\n<p>Dijous passat, 8 d&#8217;octubre de 2020, es va dur terme l&#8217;<strong>acte de renovaci\u00f3 del conveni de patrocini de Rodi Motor Services i l&#8217;equip lleidat\u00e0 Bal\u00e0fia V\u00f2lei.<\/strong><\/p>\n\n\n\n<p>L&#8217;acte va tenir lloc a les oficines de Rodi Motor Services ubicades a la localitat de Lleida.&nbsp;Va estar presidit per la presidenta del club, Vanesa Ortega, i el Director General de Rodi Motor Services, Josep Esteve.<\/p>\n\n\n\n<p>Durant l&#8217;acte s&#8217;ha&nbsp;<strong>renovat l&#8217;acord de patrocini de Rodi Motor Services i l&#8217;equip de Voleibol per la temporada 2020-2021.<\/strong>&nbsp;Josep Esteve va assegurar que Rodi Motor Services continuar\u00e0 de la banda de l&#8217;esport a Lleida els anys vinents i, en especial, del Bal\u00e0fia V\u00f2lei &#8220;perqu\u00e8 creiem en aquest projecte i en la serietat de la junta directiva que hi ha al davant&#8221;. &nbsp;<\/p>\n\n\n\n<figure class=\"wp-block-image\"><img decoding=\"async\" width=\"740\" height=\"478\" src=\"https:\/\/www.rodi.es\/blog\/wp-content\/uploads\/2020\/10\/rodi-blafia-volei-equipo-02.jpg\" alt=\"signa renovaci\u00f3 patrocini bal\u00e0fia v\u00f2lei lleida\" class=\"wp-image-3708\" srcset=\"https:\/\/www.rodi.cat\/blog\/wp-content\/uploads\/2020\/10\/rodi-blafia-volei-equipo-02.jpg 740w, https:\/\/www.rodi.cat\/blog\/wp-content\/uploads\/2020\/10\/rodi-blafia-volei-equipo-02-300x194.jpg 300w\" sizes=\"(max-width: 706px) 89vw, (max-width: 767px) 82vw, 740px\" \/><figcaption>Moment de la signatura de la renovaci\u00f3 de l&#8217;acord de patrocini.<\/figcaption><\/figure>\n\n\n\n<h2 class=\"wp-block-heading\">Sobre Rodi Motor Services i la seva relaci\u00f3 amb el Bal\u00e0fia V\u00f2lei.<\/h2>\n\n\n\n<p>Rodi Motor Services ha estat el&nbsp;<strong>patrocinador oficial de l&#8217;equip lleidat\u00e0 Bal\u00e0fia V\u00f2lei des de 2017<\/strong>&nbsp;.&nbsp;L&#8217;empresa ha estat estretament vinculada al m\u00f3n del voleibol des de que el seu director general, Josep Esteve, jugu\u00e9s a aquest esport durant part de la seva joventut.&nbsp;Aquest patrocini respon al sentiment i la voluntat de fomentar l&#8217;esport, l&#8217;esfor\u00e7 de superaci\u00f3 i les bones pr\u00e0ctiques; no nom\u00e9s en l&#8217;empresa sin\u00f3 tamb\u00e9 a la localitat de Lleida.&nbsp;<\/p>\n\n\n\n<figure class=\"wp-block-image\"><img decoding=\"async\" width=\"740\" height=\"358\" src=\"https:\/\/www.rodi.es\/blog\/wp-content\/uploads\/2019\/10\/balafia-volei-lleida.jpg\" alt=\"Rodi Bal\u00e0fia V\u00f2lei Lleida\" class=\"wp-image-1614\" srcset=\"https:\/\/www.rodi.cat\/blog\/wp-content\/uploads\/2019\/10\/balafia-volei-lleida.jpg 740w, https:\/\/www.rodi.cat\/blog\/wp-content\/uploads\/2019\/10\/balafia-volei-lleida-300x145.jpg 300w\" sizes=\"(max-width: 706px) 89vw, (max-width: 767px) 82vw, 740px\" \/><figcaption>Rodi Motor Services i el Bal\u00e0fia V\u00f2lei junts des 2017<\/figcaption><\/figure>\n\n\n\n<p><\/p>\n","protected":false},"excerpt":{"rendered":"<p>Dijous passat, 8 d&#8217;octubre de 2020, es va dur terme l&#8217;acte de renovaci\u00f3 del conveni de patrocini de Rodi Motor Services i l&#8217;equip lleidat\u00e0 Bal\u00e0fia V\u00f2lei. L&#8217;acte va tenir lloc a les oficines de Rodi Motor Services ubicades a la localitat de Lleida.&nbsp;Va estar presidit per la presidenta del club, Vanesa Ortega, i el Director &hellip; <\/p>\n<p class=\"link-more\"><a href=\"https:\/\/www.rodi.cat\/blog\/rodi-motor-services-balafia-volei-patrocini-temporada-2020-2021\/\" class=\"more-link\">Seguir llegint<span class=\"screen-reader-text\"> &#8220;Rodi Motor Services i el Bal\u00e0fia V\u00f2lei renoven el seu acord de patrocini per a la temporada 2020-2021&#8221;<\/span><\/a><\/p>\n","protected":false},"author":1,"featured_media":3735,"comment_status":"closed","ping_status":"closed","sticky":false,"template":"","format":"standard","meta":{"footnotes":""},"categories":[2],"tags":[],"yoast_head":"<!-- This site is optimized with the Yoast SEO plugin v24.4 - https:\/\/yoast.com\/wordpress\/plugins\/seo\/ -->\n<title>Rodi Motor Services i el Balafia Volei renoven patrocini per a 2021<\/title>\n<meta name=\"description\" content=\"El dijous 8 d&#039;octubre de 2020 es va dur a terme l&#039;acte de renovaci\u00f3 del patrocini de Rodi Motor Services amb el Balafia Volei.\" \/>\n<meta name=\"robots\" content=\"index, follow, max-snippet:-1, max-image-preview:large, max-video-preview:-1\" \/>\n<link rel=\"canonical\" href=\"https:\/\/www.rodi.cat\/blog\/rodi-motor-services-balafia-volei-patrocini-temporada-2020-2021\/\" \/>\n<meta property=\"og:locale\" content=\"ca_ES\" \/>\n<meta property=\"og:type\" content=\"article\" \/>\n<meta property=\"og:title\" content=\"Rodi Motor Services i el Balafia Volei renoven patrocini per a 2021\" \/>\n<meta property=\"og:description\" content=\"El dijous 8 d&#039;octubre de 2020 es va dur a terme l&#039;acte de renovaci\u00f3 del patrocini de Rodi Motor Services amb el Balafia Volei.\" \/>\n<meta property=\"og:url\" content=\"https:\/\/www.rodi.cat\/blog\/rodi-motor-services-balafia-volei-patrocini-temporada-2020-2021\/\" \/>\n<meta property=\"og:site_name\" content=\"Rodi Motor Services\" \/>\n<meta property=\"article:publisher\" content=\"https:\/\/www.facebook.com\/rodimotorservices\" \/>\n<meta property=\"article:published_time\" content=\"2020-10-09T08:35:29+00:00\" \/>\n<meta property=\"article:modified_time\" content=\"2020-10-09T10:26:48+00:00\" \/>\n<meta property=\"og:image\" content=\"https:\/\/www.rodi.cat\/blog\/wp-content\/uploads\/2020\/10\/rodi-blafia-volei-equipo-01-1.jpg\" \/>\n\t<meta property=\"og:image:width\" content=\"740\" \/>\n\t<meta property=\"og:image:height\" content=\"478\" \/>\n\t<meta property=\"og:image:type\" content=\"image\/jpeg\" \/>\n<meta name=\"author\" content=\"admin\" \/>\n<meta name=\"twitter:card\" content=\"summary_large_image\" \/>\n<meta name=\"twitter:creator\" content=\"@MotorRodi\" \/>\n<meta name=\"twitter:site\" content=\"@MotorRodi\" \/>\n<meta name=\"twitter:label1\" content=\"Escrit per\" \/>\n\t<meta name=\"twitter:data1\" content=\"admin\" \/>\n\t<meta name=\"twitter:label2\" content=\"Temps estimat de lectura\" \/>\n\t<meta name=\"twitter:data2\" content=\"1 minut\" \/>\n<script type=\"application\/ld+json\" class=\"yoast-schema-graph\">{\"@context\":\"https:\/\/schema.org\",\"@graph\":[{\"@type\":\"Article\",\"@id\":\"https:\/\/www.rodi.cat\/blog\/rodi-motor-services-balafia-volei-patrocini-temporada-2020-2021\/#article\",\"isPartOf\":{\"@id\":\"https:\/\/www.rodi.cat\/blog\/rodi-motor-services-balafia-volei-patrocini-temporada-2020-2021\/\"},\"author\":{\"name\":\"admin\",\"@id\":\"https:\/\/www.rodi.cat\/blog\/#\/schema\/person\/d4e64de354e595dc7ef2a36759fca15c\"},\"headline\":\"Rodi Motor Services i el Bal\u00e0fia V\u00f2lei renoven el seu acord de patrocini per a la temporada 2020-2021\",\"datePublished\":\"2020-10-09T08:35:29+00:00\",\"dateModified\":\"2020-10-09T10:26:48+00:00\",\"mainEntityOfPage\":{\"@id\":\"https:\/\/www.rodi.cat\/blog\/rodi-motor-services-balafia-volei-patrocini-temporada-2020-2021\/\"},\"wordCount\":285,\"publisher\":{\"@id\":\"https:\/\/www.rodi.cat\/blog\/#organization\"},\"image\":{\"@id\":\"https:\/\/www.rodi.cat\/blog\/rodi-motor-services-balafia-volei-patrocini-temporada-2020-2021\/#primaryimage\"},\"thumbnailUrl\":\"https:\/\/www.rodi.cat\/blog\/wp-content\/uploads\/2020\/10\/rodi-blafia-volei-equipo-01-1.jpg\",\"inLanguage\":\"ca\"},{\"@type\":\"WebPage\",\"@id\":\"https:\/\/www.rodi.cat\/blog\/rodi-motor-services-balafia-volei-patrocini-temporada-2020-2021\/\",\"url\":\"https:\/\/www.rodi.cat\/blog\/rodi-motor-services-balafia-volei-patrocini-temporada-2020-2021\/\",\"name\":\"Rodi Motor Services i el Balafia Volei renoven patrocini per a 2021\",\"isPartOf\":{\"@id\":\"https:\/\/www.rodi.cat\/blog\/#website\"},\"primaryImageOfPage\":{\"@id\":\"https:\/\/www.rodi.cat\/blog\/rodi-motor-services-balafia-volei-patrocini-temporada-2020-2021\/#primaryimage\"},\"image\":{\"@id\":\"https:\/\/www.rodi.cat\/blog\/rodi-motor-services-balafia-volei-patrocini-temporada-2020-2021\/#primaryimage\"},\"thumbnailUrl\":\"https:\/\/www.rodi.cat\/blog\/wp-content\/uploads\/2020\/10\/rodi-blafia-volei-equipo-01-1.jpg\",\"datePublished\":\"2020-10-09T08:35:29+00:00\",\"dateModified\":\"2020-10-09T10:26:48+00:00\",\"description\":\"El dijous 8 d'octubre de 2020 es va dur a terme l'acte de renovaci\u00f3 del patrocini de Rodi Motor Services amb el Balafia Volei.\",\"breadcrumb\":{\"@id\":\"https:\/\/www.rodi.cat\/blog\/rodi-motor-services-balafia-volei-patrocini-temporada-2020-2021\/#breadcrumb\"},\"inLanguage\":\"ca\",\"potentialAction\":[{\"@type\":\"ReadAction\",\"target\":[\"https:\/\/www.rodi.cat\/blog\/rodi-motor-services-balafia-volei-patrocini-temporada-2020-2021\/\"]}]},{\"@type\":\"ImageObject\",\"inLanguage\":\"ca\",\"@id\":\"https:\/\/www.rodi.cat\/blog\/rodi-motor-services-balafia-volei-patrocini-temporada-2020-2021\/#primaryimage\",\"url\":\"https:\/\/www.rodi.cat\/blog\/wp-content\/uploads\/2020\/10\/rodi-blafia-volei-equipo-01-1.jpg\",\"contentUrl\":\"https:\/\/www.rodi.cat\/blog\/wp-content\/uploads\/2020\/10\/rodi-blafia-volei-equipo-01-1.jpg\",\"width\":740,\"height\":478,\"caption\":\"equip Bal\u00e0fia V\u00f2lei Rodi\"},{\"@type\":\"BreadcrumbList\",\"@id\":\"https:\/\/www.rodi.cat\/blog\/rodi-motor-services-balafia-volei-patrocini-temporada-2020-2021\/#breadcrumb\",\"itemListElement\":[{\"@type\":\"ListItem\",\"position\":1,\"name\":\"Portada\",\"item\":\"https:\/\/www.rodi.cat\/blog\/\"},{\"@type\":\"ListItem\",\"position\":2,\"name\":\"Rodi Motor Services i el Bal\u00e0fia V\u00f2lei renoven el seu acord de patrocini per a la temporada 2020-2021\"}]},{\"@type\":\"WebSite\",\"@id\":\"https:\/\/www.rodi.cat\/blog\/#website\",\"url\":\"https:\/\/www.rodi.cat\/blog\/\",\"name\":\"Rodi Motor Services\",\"description\":\"Neum\u00e1ticos al mejor precio\",\"publisher\":{\"@id\":\"https:\/\/www.rodi.cat\/blog\/#organization\"},\"potentialAction\":[{\"@type\":\"SearchAction\",\"target\":{\"@type\":\"EntryPoint\",\"urlTemplate\":\"https:\/\/www.rodi.cat\/blog\/?s={search_term_string}\"},\"query-input\":{\"@type\":\"PropertyValueSpecification\",\"valueRequired\":true,\"valueName\":\"search_term_string\"}}],\"inLanguage\":\"ca\"},{\"@type\":\"Organization\",\"@id\":\"https:\/\/www.rodi.cat\/blog\/#organization\",\"name\":\"Rodi Motor Services\",\"url\":\"https:\/\/www.rodi.cat\/blog\/\",\"logo\":{\"@type\":\"ImageObject\",\"inLanguage\":\"ca\",\"@id\":\"https:\/\/www.rodi.cat\/blog\/#\/schema\/logo\/image\/\",\"url\":\"https:\/\/www.rodi.cat\/blog\/wp-content\/uploads\/2020\/05\/logo-rodi.jpg\",\"contentUrl\":\"https:\/\/www.rodi.cat\/blog\/wp-content\/uploads\/2020\/05\/logo-rodi.jpg\",\"width\":250,\"height\":250,\"caption\":\"Rodi Motor Services\"},\"image\":{\"@id\":\"https:\/\/www.rodi.cat\/blog\/#\/schema\/logo\/image\/\"},\"sameAs\":[\"https:\/\/www.facebook.com\/rodimotorservices\",\"https:\/\/x.com\/MotorRodi\",\"https:\/\/www.instagram.com\/rodimotorservices\/\",\"https:\/\/es.linkedin.com\/company\/rodi-motor-services\",\"https:\/\/www.youtube.com\/user\/rodimotorservices\"]},{\"@type\":\"Person\",\"@id\":\"https:\/\/www.rodi.cat\/blog\/#\/schema\/person\/d4e64de354e595dc7ef2a36759fca15c\",\"name\":\"admin\",\"image\":{\"@type\":\"ImageObject\",\"inLanguage\":\"ca\",\"@id\":\"https:\/\/www.rodi.cat\/blog\/#\/schema\/person\/image\/\",\"url\":\"https:\/\/secure.gravatar.com\/avatar\/2dcfc725cd78c869421cb0f828640041?s=96&d=mm&r=g\",\"contentUrl\":\"https:\/\/secure.gravatar.com\/avatar\/2dcfc725cd78c869421cb0f828640041?s=96&d=mm&r=g\",\"caption\":\"admin\"}}]}<\/script>\n<!-- \/ Yoast SEO plugin. -->","yoast_head_json":{"title":"Rodi Motor Services i el Balafia Volei renoven patrocini per a 2021","description":"El dijous 8 d'octubre de 2020 es va dur a terme l'acte de renovaci\u00f3 del patrocini de Rodi Motor Services amb el Balafia Volei.","robots":{"index":"index","follow":"follow","max-snippet":"max-snippet:-1","max-image-preview":"max-image-preview:large","max-video-preview":"max-video-preview:-1"},"canonical":"https:\/\/www.rodi.cat\/blog\/rodi-motor-services-balafia-volei-patrocini-temporada-2020-2021\/","og_locale":"ca_ES","og_type":"article","og_title":"Rodi Motor Services i el Balafia Volei renoven patrocini per a 2021","og_description":"El dijous 8 d'octubre de 2020 es va dur a terme l'acte de renovaci\u00f3 del patrocini de Rodi Motor Services amb el Balafia Volei.","og_url":"https:\/\/www.rodi.cat\/blog\/rodi-motor-services-balafia-volei-patrocini-temporada-2020-2021\/","og_site_name":"Rodi Motor Services","article_publisher":"https:\/\/www.facebook.com\/rodimotorservices","article_published_time":"2020-10-09T08:35:29+00:00","article_modified_time":"2020-10-09T10:26:48+00:00","og_image":[{"width":740,"height":478,"url":"https:\/\/www.rodi.cat\/blog\/wp-content\/uploads\/2020\/10\/rodi-blafia-volei-equipo-01-1.jpg","type":"image\/jpeg"}],"author":"admin","twitter_card":"summary_large_image","twitter_creator":"@MotorRodi","twitter_site":"@MotorRodi","twitter_misc":{"Escrit per":"admin","Temps estimat de lectura":"1 minut"},"schema":{"@context":"https:\/\/schema.org","@graph":[{"@type":"Article","@id":"https:\/\/www.rodi.cat\/blog\/rodi-motor-services-balafia-volei-patrocini-temporada-2020-2021\/#article","isPartOf":{"@id":"https:\/\/www.rodi.cat\/blog\/rodi-motor-services-balafia-volei-patrocini-temporada-2020-2021\/"},"author":{"name":"admin","@id":"https:\/\/www.rodi.cat\/blog\/#\/schema\/person\/d4e64de354e595dc7ef2a36759fca15c"},"headline":"Rodi Motor Services i el Bal\u00e0fia V\u00f2lei renoven el seu acord de patrocini per a la temporada 2020-2021","datePublished":"2020-10-09T08:35:29+00:00","dateModified":"2020-10-09T10:26:48+00:00","mainEntityOfPage":{"@id":"https:\/\/www.rodi.cat\/blog\/rodi-motor-services-balafia-volei-patrocini-temporada-2020-2021\/"},"wordCount":285,"publisher":{"@id":"https:\/\/www.rodi.cat\/blog\/#organization"},"image":{"@id":"https:\/\/www.rodi.cat\/blog\/rodi-motor-services-balafia-volei-patrocini-temporada-2020-2021\/#primaryimage"},"thumbnailUrl":"https:\/\/www.rodi.cat\/blog\/wp-content\/uploads\/2020\/10\/rodi-blafia-volei-equipo-01-1.jpg","inLanguage":"ca"},{"@type":"WebPage","@id":"https:\/\/www.rodi.cat\/blog\/rodi-motor-services-balafia-volei-patrocini-temporada-2020-2021\/","url":"https:\/\/www.rodi.cat\/blog\/rodi-motor-services-balafia-volei-patrocini-temporada-2020-2021\/","name":"Rodi Motor Services i el Balafia Volei renoven patrocini per a 2021","isPartOf":{"@id":"https:\/\/www.rodi.cat\/blog\/#website"},"primaryImageOfPage":{"@id":"https:\/\/www.rodi.cat\/blog\/rodi-motor-services-balafia-volei-patrocini-temporada-2020-2021\/#primaryimage"},"image":{"@id":"https:\/\/www.rodi.cat\/blog\/rodi-motor-services-balafia-volei-patrocini-temporada-2020-2021\/#primaryimage"},"thumbnailUrl":"https:\/\/www.rodi.cat\/blog\/wp-content\/uploads\/2020\/10\/rodi-blafia-volei-equipo-01-1.jpg","datePublished":"2020-10-09T08:35:29+00:00","dateModified":"2020-10-09T10:26:48+00:00","description":"El dijous 8 d'octubre de 2020 es va dur a terme l'acte de renovaci\u00f3 del patrocini de Rodi Motor Services amb el Balafia Volei.","breadcrumb":{"@id":"https:\/\/www.rodi.cat\/blog\/rodi-motor-services-balafia-volei-patrocini-temporada-2020-2021\/#breadcrumb"},"inLanguage":"ca","potentialAction":[{"@type":"ReadAction","target":["https:\/\/www.rodi.cat\/blog\/rodi-motor-services-balafia-volei-patrocini-temporada-2020-2021\/"]}]},{"@type":"ImageObject","inLanguage":"ca","@id":"https:\/\/www.rodi.cat\/blog\/rodi-motor-services-balafia-volei-patrocini-temporada-2020-2021\/#primaryimage","url":"https:\/\/www.rodi.cat\/blog\/wp-content\/uploads\/2020\/10\/rodi-blafia-volei-equipo-01-1.jpg","contentUrl":"https:\/\/www.rodi.cat\/blog\/wp-content\/uploads\/2020\/10\/rodi-blafia-volei-equipo-01-1.jpg","width":740,"height":478,"caption":"equip Bal\u00e0fia V\u00f2lei Rodi"},{"@type":"BreadcrumbList","@id":"https:\/\/www.rodi.cat\/blog\/rodi-motor-services-balafia-volei-patrocini-temporada-2020-2021\/#breadcrumb","itemListElement":[{"@type":"ListItem","position":1,"name":"Portada","item":"https:\/\/www.rodi.cat\/blog\/"},{"@type":"ListItem","position":2,"name":"Rodi Motor Services i el Bal\u00e0fia V\u00f2lei renoven el seu acord de patrocini per a la temporada 2020-2021"}]},{"@type":"WebSite","@id":"https:\/\/www.rodi.cat\/blog\/#website","url":"https:\/\/www.rodi.cat\/blog\/","name":"Rodi Motor Services","description":"Neum\u00e1ticos al mejor precio","publisher":{"@id":"https:\/\/www.rodi.cat\/blog\/#organization"},"potentialAction":[{"@type":"SearchAction","target":{"@type":"EntryPoint","urlTemplate":"https:\/\/www.rodi.cat\/blog\/?s={search_term_string}"},"query-input":{"@type":"PropertyValueSpecification","valueRequired":true,"valueName":"search_term_string"}}],"inLanguage":"ca"},{"@type":"Organization","@id":"https:\/\/www.rodi.cat\/blog\/#organization","name":"Rodi Motor Services","url":"https:\/\/www.rodi.cat\/blog\/","logo":{"@type":"ImageObject","inLanguage":"ca","@id":"https:\/\/www.rodi.cat\/blog\/#\/schema\/logo\/image\/","url":"https:\/\/www.rodi.cat\/blog\/wp-content\/uploads\/2020\/05\/logo-rodi.jpg","contentUrl":"https:\/\/www.rodi.cat\/blog\/wp-content\/uploads\/2020\/05\/logo-rodi.jpg","width":250,"height":250,"caption":"Rodi Motor Services"},"image":{"@id":"https:\/\/www.rodi.cat\/blog\/#\/schema\/logo\/image\/"},"sameAs":["https:\/\/www.facebook.com\/rodimotorservices","https:\/\/x.com\/MotorRodi","https:\/\/www.instagram.com\/rodimotorservices\/","https:\/\/es.linkedin.com\/company\/rodi-motor-services","https:\/\/www.youtube.com\/user\/rodimotorservices"]},{"@type":"Person","@id":"https:\/\/www.rodi.cat\/blog\/#\/schema\/person\/d4e64de354e595dc7ef2a36759fca15c","name":"admin","image":{"@type":"ImageObject","inLanguage":"ca","@id":"https:\/\/www.rodi.cat\/blog\/#\/schema\/person\/image\/","url":"https:\/\/secure.gravatar.com\/avatar\/2dcfc725cd78c869421cb0f828640041?s=96&d=mm&r=g","contentUrl":"https:\/\/secure.gravatar.com\/avatar\/2dcfc725cd78c869421cb0f828640041?s=96&d=mm&r=g","caption":"admin"}}]}},"_links":{"self":[{"href":"https:\/\/www.rodi.cat\/blog\/wp-json\/wp\/v2\/posts\/3714"}],"collection":[{"href":"https:\/\/www.rodi.cat\/blog\/wp-json\/wp\/v2\/posts"}],"about":[{"href":"https:\/\/www.rodi.cat\/blog\/wp-json\/wp\/v2\/types\/post"}],"author":[{"embeddable":true,"href":"https:\/\/www.rodi.cat\/blog\/wp-json\/wp\/v2\/users\/1"}],"replies":[{"embeddable":true,"href":"https:\/\/www.rodi.cat\/blog\/wp-json\/wp\/v2\/comments?post=3714"}],"version-history":[{"count":7,"href":"https:\/\/www.rodi.cat\/blog\/wp-json\/wp\/v2\/posts\/3714\/revisions"}],"predecessor-version":[{"id":3737,"href":"https:\/\/www.rodi.cat\/blog\/wp-json\/wp\/v2\/posts\/3714\/revisions\/3737"}],"wp:featuredmedia":[{"embeddable":true,"href":"https:\/\/www.rodi.cat\/blog\/wp-json\/wp\/v2\/media\/3735"}],"wp:attachment":[{"href":"https:\/\/www.rodi.cat\/blog\/wp-json\/wp\/v2\/media?parent=3714"}],"wp:term":[{"taxonomy":"category","embeddable":true,"href":"https:\/\/www.rodi.cat\/blog\/wp-json\/wp\/v2\/categories?post=3714"},{"taxonomy":"post_tag","embeddable":true,"href":"https:\/\/www.rodi.cat\/blog\/wp-json\/wp\/v2\/tags?post=3714"}],"curies":[{"name":"wp","href":"https:\/\/api.w.org\/{rel}","templated":true}]}}