{"id":3884,"date":"2020-11-02T15:52:17","date_gmt":"2020-11-02T15:52:17","guid":{"rendered":"https:\/\/www.rodi.es\/blog\/talleres-rodi-abiertos-segunda-ola\/"},"modified":"2020-11-03T18:31:25","modified_gmt":"2020-11-03T18:31:25","slug":"tallers-rodi-oberts-segona-onada","status":"publish","type":"post","link":"https:\/\/www.rodi.cat\/blog\/tallers-rodi-oberts-segona-onada\/","title":{"rendered":"Els nostres tallers segueixen oberts per a garantir la teva mobilitat"},"content":{"rendered":"\n<p>A causa de la desfavorable evoluci\u00f3 de la pand\u00e8mia ocasionada pel coronavirus SARS-CoV-2, en l&#8217;actualitat s&#8217;estan desplegant pel territori diferents mesures de car\u00e0cter social, emmarcades en un nou estat d&#8217;alarma, per ajudar a reduir la velocitat de propagaci\u00f3 de contagis per coronavirus.<\/p>\n\n\n\n<p>Des de Rodi, volem que s\u00e0pigues que estem oberts sempre al teu costat i que pots seguir realitzant amb total seguretat el manteniment del teu vehicle a les nostres instal\u00b7lacions.&nbsp;<strong>A Rodi respectem escrupolosament les mesures dictades per les autoritats competents i comptem amb totes les mesures de protecci\u00f3 per garantir la seguretat de tots davant el Covid-19.<\/strong><\/p>\n\n\n\n<div class=\"wp-block-button aligncenter\"><a class=\"wp-block-button__link has-very-dark-gray-color has-luminous-vivid-amber-background-color has-text-color has-background no-border-radius\" href=\"https:\/\/www.rodi.cat\/cita-previa\/seleccio-taller\/\">DEMANA CITA PREVIA<\/a><\/div>\n\n\n\n<h2 class=\"wp-block-heading\"><strong><strong>Els tallers mec\u00e0nics som un servei essencial<\/strong><\/strong><\/h2>\n\n\n\n<p>Els tallers mec\u00e0nics van ser classificats, durant el primer estat d&#8217;alarma, com serveis essencials. Aix\u00f2 es deu al fet que garantim la mobilitat de tots els ciutadans, empreses i organismes que necessiten despla\u00e7ar-se amb els seus vehicles. Aquesta mateixa classificaci\u00f3 es mant\u00e9 durant aquest &#8220;segon&#8221; estat d&#8217;alarma i per aix\u00f2<strong>&nbsp;tots els tallers Rodi Motor Services estan oberts i al teu servei.<\/strong><\/p>\n\n\n\n<p>Segons estableixen les normes anunciades, tots els ciutadans que necessitin fer \u00fas del seu dret a la mobilitat poden despla\u00e7ar-se a un taller per realitzar el manteniment que permeti l&#8217;\u00fas dels seus vehicles en adequades condicions de funcionament i seguretat.<\/p>\n\n\n\n<figure class=\"wp-block-image size-large\"><img decoding=\"async\" width=\"740\" height=\"416\" src=\"https:\/\/www.rodi.es\/blog\/wp-content\/uploads\/2020\/11\/seguridad-talleres-mecanicos-rodi-covid-19.jpg\" alt=\"\" class=\"wp-image-3853\" srcset=\"https:\/\/www.rodi.cat\/blog\/wp-content\/uploads\/2020\/11\/seguridad-talleres-mecanicos-rodi-covid-19.jpg 740w, https:\/\/www.rodi.cat\/blog\/wp-content\/uploads\/2020\/11\/seguridad-talleres-mecanicos-rodi-covid-19-300x169.jpg 300w\" sizes=\"(max-width: 706px) 89vw, (max-width: 767px) 82vw, 740px\" \/><\/figure>\n\n\n\n<h2 class=\"wp-block-heading\"><strong><strong>Comptem amb les mesures de protecci\u00f3 adequades per garantir la seguretat de tots.<\/strong><\/strong><\/h2>\n\n\n\n<p>A Rodi la teva salut, la dels nostres empleats i col\u00b7laboradors \u00e9s el primer. Per aix\u00f2, i per la seguretat de tots, seguim amb les mesures de protecci\u00f3 implantades des de l&#8217;inici de la pand\u00e8mia:<\/p>\n\n\n\n<ul style=\"padding-left:40px\"><li>Els nostres professionals <strong>treballen amb mascareta<\/strong> que es canvien peri\u00f2dicament.<\/li><li>Els <strong>objectes s\u00f3n desinfectats<\/strong>.<\/li><li>Disposem de dosificadors de <strong>l\u00edquid desinfectant<\/strong> a les zones comunes i lavabos.<\/li><li>Fem servir <strong>pantalles de metacrilat<\/strong> com a mesura de protecci\u00f3.<\/li><li>El nostre taller es neteja i ventila di\u00e0riament.<\/li><li>Respectem l&#8217;<strong>aforament m\u00e0xim<\/strong> i la dist\u00e0ncia de seguretat m\u00ednima de 1,5 m entre persones.<\/li><li>Mentre estigui a les nostres instal\u00b7lacions,<strong> protegim el teu vehicle<\/strong> amb fundes (catifa, cobreix volant i cobreix palanca de marxes).<\/li><li>Quan et lliurem el vehicle, les claus hauran estat <strong>desinfectades<\/strong>.<\/li><\/ul>\n\n\n\n<p>Descobreix m\u00e9s sobre les&nbsp;<a href=\"https:\/\/www.rodi.cat\/blog\/protocol-seguretat-prevencio-tallers-rodi\/\">mesures de protecci\u00f3 contra la transmissi\u00f3 de l&#8217;Covid-19 a tallers Rodi Motor Services&nbsp;.<\/a><\/p>\n\n\n\n<p>Et recomanem&nbsp;<strong>demanar cita pr\u00e8via <\/strong>amb antelaci\u00f3 per tel\u00e8fon al<strong>&nbsp;<a href=\"tel:+34900922922\">900 922 922<\/a>&nbsp;o per la nostra p\u00e0gina web&nbsp;<\/strong>per evitar esperes i assegurar el compliment d&#8217;aforament m\u00e0xim del taller.<\/p>\n\n\n\n<div class=\"wp-block-button aligncenter\"><a class=\"wp-block-button__link has-very-dark-gray-color has-luminous-vivid-amber-background-color has-text-color has-background no-border-radius\" href=\"https:\/\/www.rodi.es\/cita-previa\/seleccion-taller\/\">PIDE CITA PREVIA<\/a><\/div>\n\n\n\n<p><br>Igualment volem recordar la import\u00e0ncia de seguir les normes i recomanacions de les autoritats.&nbsp;Des de Rodi continuem col\u00b7laborant de forma responsable en la lluita per superar aquesta excepcional situaci\u00f3.<\/p>\n","protected":false},"excerpt":{"rendered":"<p>A causa de la desfavorable evoluci\u00f3 de la pand\u00e8mia ocasionada pel coronavirus SARS-CoV-2, en l&#8217;actualitat s&#8217;estan desplegant pel territori diferents mesures de car\u00e0cter social, emmarcades en un nou estat d&#8217;alarma, per ajudar a reduir la velocitat de propagaci\u00f3 de contagis per coronavirus. Des de Rodi, volem que s\u00e0pigues que estem oberts sempre al teu costat &hellip; <\/p>\n<p class=\"link-more\"><a href=\"https:\/\/www.rodi.cat\/blog\/tallers-rodi-oberts-segona-onada\/\" class=\"more-link\">Seguir llegint<span class=\"screen-reader-text\"> &#8220;Els nostres tallers segueixen oberts per a garantir la teva mobilitat&#8221;<\/span><\/a><\/p>\n","protected":false},"author":1,"featured_media":3898,"comment_status":"closed","ping_status":"closed","sticky":false,"template":"","format":"standard","meta":{"footnotes":""},"categories":[2],"tags":[],"yoast_head":"<!-- This site is optimized with the Yoast SEO plugin v24.4 - https:\/\/yoast.com\/wordpress\/plugins\/seo\/ -->\n<title>Els nostres tallers segueixen oberts per a garantir la teva mobilitat - Rodi Motor Services<\/title>\n<meta name=\"robots\" content=\"index, follow, max-snippet:-1, max-image-preview:large, max-video-preview:-1\" \/>\n<link rel=\"canonical\" href=\"https:\/\/www.rodi.cat\/blog\/tallers-rodi-oberts-segona-onada\/\" \/>\n<meta property=\"og:locale\" content=\"ca_ES\" \/>\n<meta property=\"og:type\" content=\"article\" \/>\n<meta property=\"og:title\" content=\"Els nostres tallers segueixen oberts per a garantir la teva mobilitat - Rodi Motor Services\" \/>\n<meta property=\"og:description\" content=\"A causa de la desfavorable evoluci\u00f3 de la pand\u00e8mia ocasionada pel coronavirus SARS-CoV-2, en l&#8217;actualitat s&#8217;estan desplegant pel territori diferents mesures de car\u00e0cter social, emmarcades en un nou estat d&#8217;alarma, per ajudar a reduir la velocitat de propagaci\u00f3 de contagis per coronavirus. Des de Rodi, volem que s\u00e0pigues que estem oberts sempre al teu costat &hellip; Seguir llegint &quot;Els nostres tallers segueixen oberts per a garantir la teva mobilitat&quot;\" \/>\n<meta property=\"og:url\" content=\"https:\/\/www.rodi.cat\/blog\/tallers-rodi-oberts-segona-onada\/\" \/>\n<meta property=\"og:site_name\" content=\"Rodi Motor Services\" \/>\n<meta property=\"article:publisher\" content=\"https:\/\/www.facebook.com\/rodimotorservices\" \/>\n<meta property=\"article:published_time\" content=\"2020-11-02T15:52:17+00:00\" \/>\n<meta property=\"article:modified_time\" content=\"2020-11-03T18:31:25+00:00\" \/>\n<meta property=\"og:image\" content=\"https:\/\/www.rodi.cat\/blog\/wp-content\/uploads\/2020\/01\/medidas-seguridad-talleres-rodi-covid-19-cat.jpg\" \/>\n\t<meta property=\"og:image:width\" content=\"740\" \/>\n\t<meta property=\"og:image:height\" content=\"478\" \/>\n\t<meta property=\"og:image:type\" content=\"image\/jpeg\" \/>\n<meta name=\"author\" content=\"admin\" \/>\n<meta name=\"twitter:card\" content=\"summary_large_image\" \/>\n<meta name=\"twitter:creator\" content=\"@MotorRodi\" \/>\n<meta name=\"twitter:site\" content=\"@MotorRodi\" \/>\n<meta name=\"twitter:label1\" content=\"Escrit per\" \/>\n\t<meta name=\"twitter:data1\" content=\"admin\" \/>\n\t<meta name=\"twitter:label2\" content=\"Temps estimat de lectura\" \/>\n\t<meta name=\"twitter:data2\" content=\"2 minuts\" \/>\n<script type=\"application\/ld+json\" class=\"yoast-schema-graph\">{\"@context\":\"https:\/\/schema.org\",\"@graph\":[{\"@type\":\"Article\",\"@id\":\"https:\/\/www.rodi.cat\/blog\/tallers-rodi-oberts-segona-onada\/#article\",\"isPartOf\":{\"@id\":\"https:\/\/www.rodi.cat\/blog\/tallers-rodi-oberts-segona-onada\/\"},\"author\":{\"name\":\"admin\",\"@id\":\"https:\/\/www.rodi.cat\/blog\/#\/schema\/person\/d4e64de354e595dc7ef2a36759fca15c\"},\"headline\":\"Els nostres tallers segueixen oberts per a garantir la teva mobilitat\",\"datePublished\":\"2020-11-02T15:52:17+00:00\",\"dateModified\":\"2020-11-03T18:31:25+00:00\",\"mainEntityOfPage\":{\"@id\":\"https:\/\/www.rodi.cat\/blog\/tallers-rodi-oberts-segona-onada\/\"},\"wordCount\":479,\"publisher\":{\"@id\":\"https:\/\/www.rodi.cat\/blog\/#organization\"},\"image\":{\"@id\":\"https:\/\/www.rodi.cat\/blog\/tallers-rodi-oberts-segona-onada\/#primaryimage\"},\"thumbnailUrl\":\"https:\/\/www.rodi.cat\/blog\/wp-content\/uploads\/2020\/01\/medidas-seguridad-talleres-rodi-covid-19-cat.jpg\",\"inLanguage\":\"ca\"},{\"@type\":\"WebPage\",\"@id\":\"https:\/\/www.rodi.cat\/blog\/tallers-rodi-oberts-segona-onada\/\",\"url\":\"https:\/\/www.rodi.cat\/blog\/tallers-rodi-oberts-segona-onada\/\",\"name\":\"Els nostres tallers segueixen oberts per a garantir la teva mobilitat - Rodi Motor Services\",\"isPartOf\":{\"@id\":\"https:\/\/www.rodi.cat\/blog\/#website\"},\"primaryImageOfPage\":{\"@id\":\"https:\/\/www.rodi.cat\/blog\/tallers-rodi-oberts-segona-onada\/#primaryimage\"},\"image\":{\"@id\":\"https:\/\/www.rodi.cat\/blog\/tallers-rodi-oberts-segona-onada\/#primaryimage\"},\"thumbnailUrl\":\"https:\/\/www.rodi.cat\/blog\/wp-content\/uploads\/2020\/01\/medidas-seguridad-talleres-rodi-covid-19-cat.jpg\",\"datePublished\":\"2020-11-02T15:52:17+00:00\",\"dateModified\":\"2020-11-03T18:31:25+00:00\",\"breadcrumb\":{\"@id\":\"https:\/\/www.rodi.cat\/blog\/tallers-rodi-oberts-segona-onada\/#breadcrumb\"},\"inLanguage\":\"ca\",\"potentialAction\":[{\"@type\":\"ReadAction\",\"target\":[\"https:\/\/www.rodi.cat\/blog\/tallers-rodi-oberts-segona-onada\/\"]}]},{\"@type\":\"ImageObject\",\"inLanguage\":\"ca\",\"@id\":\"https:\/\/www.rodi.cat\/blog\/tallers-rodi-oberts-segona-onada\/#primaryimage\",\"url\":\"https:\/\/www.rodi.cat\/blog\/wp-content\/uploads\/2020\/01\/medidas-seguridad-talleres-rodi-covid-19-cat.jpg\",\"contentUrl\":\"https:\/\/www.rodi.cat\/blog\/wp-content\/uploads\/2020\/01\/medidas-seguridad-talleres-rodi-covid-19-cat.jpg\",\"width\":740,\"height\":478},{\"@type\":\"BreadcrumbList\",\"@id\":\"https:\/\/www.rodi.cat\/blog\/tallers-rodi-oberts-segona-onada\/#breadcrumb\",\"itemListElement\":[{\"@type\":\"ListItem\",\"position\":1,\"name\":\"Portada\",\"item\":\"https:\/\/www.rodi.cat\/blog\/\"},{\"@type\":\"ListItem\",\"position\":2,\"name\":\"Els nostres tallers segueixen oberts per a garantir la teva mobilitat\"}]},{\"@type\":\"WebSite\",\"@id\":\"https:\/\/www.rodi.cat\/blog\/#website\",\"url\":\"https:\/\/www.rodi.cat\/blog\/\",\"name\":\"Rodi Motor Services\",\"description\":\"Neum\u00e1ticos al mejor precio\",\"publisher\":{\"@id\":\"https:\/\/www.rodi.cat\/blog\/#organization\"},\"potentialAction\":[{\"@type\":\"SearchAction\",\"target\":{\"@type\":\"EntryPoint\",\"urlTemplate\":\"https:\/\/www.rodi.cat\/blog\/?s={search_term_string}\"},\"query-input\":{\"@type\":\"PropertyValueSpecification\",\"valueRequired\":true,\"valueName\":\"search_term_string\"}}],\"inLanguage\":\"ca\"},{\"@type\":\"Organization\",\"@id\":\"https:\/\/www.rodi.cat\/blog\/#organization\",\"name\":\"Rodi Motor Services\",\"url\":\"https:\/\/www.rodi.cat\/blog\/\",\"logo\":{\"@type\":\"ImageObject\",\"inLanguage\":\"ca\",\"@id\":\"https:\/\/www.rodi.cat\/blog\/#\/schema\/logo\/image\/\",\"url\":\"https:\/\/www.rodi.cat\/blog\/wp-content\/uploads\/2020\/05\/logo-rodi.jpg\",\"contentUrl\":\"https:\/\/www.rodi.cat\/blog\/wp-content\/uploads\/2020\/05\/logo-rodi.jpg\",\"width\":250,\"height\":250,\"caption\":\"Rodi Motor Services\"},\"image\":{\"@id\":\"https:\/\/www.rodi.cat\/blog\/#\/schema\/logo\/image\/\"},\"sameAs\":[\"https:\/\/www.facebook.com\/rodimotorservices\",\"https:\/\/x.com\/MotorRodi\",\"https:\/\/www.instagram.com\/rodimotorservices\/\",\"https:\/\/es.linkedin.com\/company\/rodi-motor-services\",\"https:\/\/www.youtube.com\/user\/rodimotorservices\"]},{\"@type\":\"Person\",\"@id\":\"https:\/\/www.rodi.cat\/blog\/#\/schema\/person\/d4e64de354e595dc7ef2a36759fca15c\",\"name\":\"admin\",\"image\":{\"@type\":\"ImageObject\",\"inLanguage\":\"ca\",\"@id\":\"https:\/\/www.rodi.cat\/blog\/#\/schema\/person\/image\/\",\"url\":\"https:\/\/secure.gravatar.com\/avatar\/2dcfc725cd78c869421cb0f828640041?s=96&d=mm&r=g\",\"contentUrl\":\"https:\/\/secure.gravatar.com\/avatar\/2dcfc725cd78c869421cb0f828640041?s=96&d=mm&r=g\",\"caption\":\"admin\"}}]}<\/script>\n<!-- \/ Yoast SEO plugin. -->","yoast_head_json":{"title":"Els nostres tallers segueixen oberts per a garantir la teva mobilitat - Rodi Motor Services","robots":{"index":"index","follow":"follow","max-snippet":"max-snippet:-1","max-image-preview":"max-image-preview:large","max-video-preview":"max-video-preview:-1"},"canonical":"https:\/\/www.rodi.cat\/blog\/tallers-rodi-oberts-segona-onada\/","og_locale":"ca_ES","og_type":"article","og_title":"Els nostres tallers segueixen oberts per a garantir la teva mobilitat - Rodi Motor Services","og_description":"A causa de la desfavorable evoluci\u00f3 de la pand\u00e8mia ocasionada pel coronavirus SARS-CoV-2, en l&#8217;actualitat s&#8217;estan desplegant pel territori diferents mesures de car\u00e0cter social, emmarcades en un nou estat d&#8217;alarma, per ajudar a reduir la velocitat de propagaci\u00f3 de contagis per coronavirus. Des de Rodi, volem que s\u00e0pigues que estem oberts sempre al teu costat &hellip; Seguir llegint \"Els nostres tallers segueixen oberts per a garantir la teva mobilitat\"","og_url":"https:\/\/www.rodi.cat\/blog\/tallers-rodi-oberts-segona-onada\/","og_site_name":"Rodi Motor Services","article_publisher":"https:\/\/www.facebook.com\/rodimotorservices","article_published_time":"2020-11-02T15:52:17+00:00","article_modified_time":"2020-11-03T18:31:25+00:00","og_image":[{"width":740,"height":478,"url":"https:\/\/www.rodi.cat\/blog\/wp-content\/uploads\/2020\/01\/medidas-seguridad-talleres-rodi-covid-19-cat.jpg","type":"image\/jpeg"}],"author":"admin","twitter_card":"summary_large_image","twitter_creator":"@MotorRodi","twitter_site":"@MotorRodi","twitter_misc":{"Escrit per":"admin","Temps estimat de lectura":"2 minuts"},"schema":{"@context":"https:\/\/schema.org","@graph":[{"@type":"Article","@id":"https:\/\/www.rodi.cat\/blog\/tallers-rodi-oberts-segona-onada\/#article","isPartOf":{"@id":"https:\/\/www.rodi.cat\/blog\/tallers-rodi-oberts-segona-onada\/"},"author":{"name":"admin","@id":"https:\/\/www.rodi.cat\/blog\/#\/schema\/person\/d4e64de354e595dc7ef2a36759fca15c"},"headline":"Els nostres tallers segueixen oberts per a garantir la teva mobilitat","datePublished":"2020-11-02T15:52:17+00:00","dateModified":"2020-11-03T18:31:25+00:00","mainEntityOfPage":{"@id":"https:\/\/www.rodi.cat\/blog\/tallers-rodi-oberts-segona-onada\/"},"wordCount":479,"publisher":{"@id":"https:\/\/www.rodi.cat\/blog\/#organization"},"image":{"@id":"https:\/\/www.rodi.cat\/blog\/tallers-rodi-oberts-segona-onada\/#primaryimage"},"thumbnailUrl":"https:\/\/www.rodi.cat\/blog\/wp-content\/uploads\/2020\/01\/medidas-seguridad-talleres-rodi-covid-19-cat.jpg","inLanguage":"ca"},{"@type":"WebPage","@id":"https:\/\/www.rodi.cat\/blog\/tallers-rodi-oberts-segona-onada\/","url":"https:\/\/www.rodi.cat\/blog\/tallers-rodi-oberts-segona-onada\/","name":"Els nostres tallers segueixen oberts per a garantir la teva mobilitat - Rodi Motor Services","isPartOf":{"@id":"https:\/\/www.rodi.cat\/blog\/#website"},"primaryImageOfPage":{"@id":"https:\/\/www.rodi.cat\/blog\/tallers-rodi-oberts-segona-onada\/#primaryimage"},"image":{"@id":"https:\/\/www.rodi.cat\/blog\/tallers-rodi-oberts-segona-onada\/#primaryimage"},"thumbnailUrl":"https:\/\/www.rodi.cat\/blog\/wp-content\/uploads\/2020\/01\/medidas-seguridad-talleres-rodi-covid-19-cat.jpg","datePublished":"2020-11-02T15:52:17+00:00","dateModified":"2020-11-03T18:31:25+00:00","breadcrumb":{"@id":"https:\/\/www.rodi.cat\/blog\/tallers-rodi-oberts-segona-onada\/#breadcrumb"},"inLanguage":"ca","potentialAction":[{"@type":"ReadAction","target":["https:\/\/www.rodi.cat\/blog\/tallers-rodi-oberts-segona-onada\/"]}]},{"@type":"ImageObject","inLanguage":"ca","@id":"https:\/\/www.rodi.cat\/blog\/tallers-rodi-oberts-segona-onada\/#primaryimage","url":"https:\/\/www.rodi.cat\/blog\/wp-content\/uploads\/2020\/01\/medidas-seguridad-talleres-rodi-covid-19-cat.jpg","contentUrl":"https:\/\/www.rodi.cat\/blog\/wp-content\/uploads\/2020\/01\/medidas-seguridad-talleres-rodi-covid-19-cat.jpg","width":740,"height":478},{"@type":"BreadcrumbList","@id":"https:\/\/www.rodi.cat\/blog\/tallers-rodi-oberts-segona-onada\/#breadcrumb","itemListElement":[{"@type":"ListItem","position":1,"name":"Portada","item":"https:\/\/www.rodi.cat\/blog\/"},{"@type":"ListItem","position":2,"name":"Els nostres tallers segueixen oberts per a garantir la teva mobilitat"}]},{"@type":"WebSite","@id":"https:\/\/www.rodi.cat\/blog\/#website","url":"https:\/\/www.rodi.cat\/blog\/","name":"Rodi Motor Services","description":"Neum\u00e1ticos al mejor precio","publisher":{"@id":"https:\/\/www.rodi.cat\/blog\/#organization"},"potentialAction":[{"@type":"SearchAction","target":{"@type":"EntryPoint","urlTemplate":"https:\/\/www.rodi.cat\/blog\/?s={search_term_string}"},"query-input":{"@type":"PropertyValueSpecification","valueRequired":true,"valueName":"search_term_string"}}],"inLanguage":"ca"},{"@type":"Organization","@id":"https:\/\/www.rodi.cat\/blog\/#organization","name":"Rodi Motor Services","url":"https:\/\/www.rodi.cat\/blog\/","logo":{"@type":"ImageObject","inLanguage":"ca","@id":"https:\/\/www.rodi.cat\/blog\/#\/schema\/logo\/image\/","url":"https:\/\/www.rodi.cat\/blog\/wp-content\/uploads\/2020\/05\/logo-rodi.jpg","contentUrl":"https:\/\/www.rodi.cat\/blog\/wp-content\/uploads\/2020\/05\/logo-rodi.jpg","width":250,"height":250,"caption":"Rodi Motor Services"},"image":{"@id":"https:\/\/www.rodi.cat\/blog\/#\/schema\/logo\/image\/"},"sameAs":["https:\/\/www.facebook.com\/rodimotorservices","https:\/\/x.com\/MotorRodi","https:\/\/www.instagram.com\/rodimotorservices\/","https:\/\/es.linkedin.com\/company\/rodi-motor-services","https:\/\/www.youtube.com\/user\/rodimotorservices"]},{"@type":"Person","@id":"https:\/\/www.rodi.cat\/blog\/#\/schema\/person\/d4e64de354e595dc7ef2a36759fca15c","name":"admin","image":{"@type":"ImageObject","inLanguage":"ca","@id":"https:\/\/www.rodi.cat\/blog\/#\/schema\/person\/image\/","url":"https:\/\/secure.gravatar.com\/avatar\/2dcfc725cd78c869421cb0f828640041?s=96&d=mm&r=g","contentUrl":"https:\/\/secure.gravatar.com\/avatar\/2dcfc725cd78c869421cb0f828640041?s=96&d=mm&r=g","caption":"admin"}}]}},"_links":{"self":[{"href":"https:\/\/www.rodi.cat\/blog\/wp-json\/wp\/v2\/posts\/3884"}],"collection":[{"href":"https:\/\/www.rodi.cat\/blog\/wp-json\/wp\/v2\/posts"}],"about":[{"href":"https:\/\/www.rodi.cat\/blog\/wp-json\/wp\/v2\/types\/post"}],"author":[{"embeddable":true,"href":"https:\/\/www.rodi.cat\/blog\/wp-json\/wp\/v2\/users\/1"}],"replies":[{"embeddable":true,"href":"https:\/\/www.rodi.cat\/blog\/wp-json\/wp\/v2\/comments?post=3884"}],"version-history":[{"count":16,"href":"https:\/\/www.rodi.cat\/blog\/wp-json\/wp\/v2\/posts\/3884\/revisions"}],"predecessor-version":[{"id":3919,"href":"https:\/\/www.rodi.cat\/blog\/wp-json\/wp\/v2\/posts\/3884\/revisions\/3919"}],"wp:featuredmedia":[{"embeddable":true,"href":"https:\/\/www.rodi.cat\/blog\/wp-json\/wp\/v2\/media\/3898"}],"wp:attachment":[{"href":"https:\/\/www.rodi.cat\/blog\/wp-json\/wp\/v2\/media?parent=3884"}],"wp:term":[{"taxonomy":"category","embeddable":true,"href":"https:\/\/www.rodi.cat\/blog\/wp-json\/wp\/v2\/categories?post=3884"},{"taxonomy":"post_tag","embeddable":true,"href":"https:\/\/www.rodi.cat\/blog\/wp-json\/wp\/v2\/tags?post=3884"}],"curies":[{"name":"wp","href":"https:\/\/api.w.org\/{rel}","templated":true}]}}