{"id":421,"date":"2016-03-09T00:00:00","date_gmt":"2016-03-09T00:00:00","guid":{"rendered":""},"modified":"2021-10-18T16:16:23","modified_gmt":"2021-10-18T16:16:23","slug":"nova-edicio-de-la-pedalada-del-senglar-2016-amb-rodi-motor-services","status":"publish","type":"post","link":"https:\/\/www.rodi.cat\/blog\/nova-edicio-de-la-pedalada-del-senglar-2016-amb-rodi-motor-services\/","title":{"rendered":"Nova Edici\u00f3 de la pedalada del senglar 2016"},"content":{"rendered":"<p class=\"ql-align-justify\">La <strong>Pedalada del Senglar<\/strong> va n\u00e9ixer ara fa 5 anys organitzada per l&#8217;Ajuntament de C\u00e0noves i Salam\u00fas. Es tracta d&#8217;una prova d&#8217;una duresa mitjana-alta que consta de dos circuits: un de curt i l&#8217;altre de llarg.<\/p>\n<p class=\"ql-align-justify\">Enguany, la Pedalada del Senglar va contar amb 400 participants que van fer els dos recorreguts a trav\u00e9s de pista asfaltada, camins i diferents i variats terrenys que exigien un esfor\u00e7 extra a tothom.<\/p>\n<p class=\"ql-align-justify\">Els guanyadors d&#8217;aquesta nova edici\u00f3 van ser<strong> David Ruano<\/strong> i <strong>Sara M\u00e9ndez,<\/strong> en el circuit curt, i <strong>Ferran Pascual<\/strong> i <strong>Susana Garcia<\/strong>, en el llarg.<\/p>\n","protected":false},"excerpt":{"rendered":"<p>La Pedalada del Senglar va n\u00e9ixer ara fa 5 anys organitzada per l&#8217;Ajuntament de C\u00e0noves i Salam\u00fas. Es tracta d&#8217;una prova d&#8217;una duresa mitjana-alta que consta de dos circuits: un de curt i l&#8217;altre de llarg. Enguany, la Pedalada del Senglar va contar amb 400 participants que van fer els dos recorreguts a trav\u00e9s de &hellip; <\/p>\n<p class=\"link-more\"><a href=\"https:\/\/www.rodi.cat\/blog\/nova-edicio-de-la-pedalada-del-senglar-2016-amb-rodi-motor-services\/\" class=\"more-link\">Seguir llegint<span class=\"screen-reader-text\"> &#8220;Nova Edici\u00f3 de la pedalada del senglar 2016&#8221;<\/span><\/a><\/p>\n","protected":false},"author":1,"featured_media":6222,"comment_status":"closed","ping_status":"closed","sticky":false,"template":"","format":"standard","meta":{"footnotes":""},"categories":[2],"tags":[],"yoast_head":"<!-- This site is optimized with the Yoast SEO plugin v24.4 - https:\/\/yoast.com\/wordpress\/plugins\/seo\/ -->\n<title>Nova Edici\u00f3 de la pedalada del senglar 2016 - Rodi Motor Services<\/title>\n<meta name=\"robots\" content=\"index, follow, max-snippet:-1, max-image-preview:large, max-video-preview:-1\" \/>\n<link rel=\"canonical\" href=\"https:\/\/www.rodi.cat\/blog\/nova-edicio-de-la-pedalada-del-senglar-2016-amb-rodi-motor-services\/\" \/>\n<meta property=\"og:locale\" content=\"ca_ES\" \/>\n<meta property=\"og:type\" content=\"article\" \/>\n<meta property=\"og:title\" content=\"Nova Edici\u00f3 de la pedalada del senglar 2016 - Rodi Motor Services\" \/>\n<meta property=\"og:description\" content=\"La Pedalada del Senglar va n\u00e9ixer ara fa 5 anys organitzada per l&#8217;Ajuntament de C\u00e0noves i Salam\u00fas. Es tracta d&#8217;una prova d&#8217;una duresa mitjana-alta que consta de dos circuits: un de curt i l&#8217;altre de llarg. Enguany, la Pedalada del Senglar va contar amb 400 participants que van fer els dos recorreguts a trav\u00e9s de &hellip; Seguir llegint &quot;Nova Edici\u00f3 de la pedalada del senglar 2016&quot;\" \/>\n<meta property=\"og:url\" content=\"https:\/\/www.rodi.cat\/blog\/nova-edicio-de-la-pedalada-del-senglar-2016-amb-rodi-motor-services\/\" \/>\n<meta property=\"og:site_name\" content=\"Rodi Motor Services\" \/>\n<meta property=\"article:publisher\" content=\"https:\/\/www.facebook.com\/rodimotorservices\" \/>\n<meta property=\"article:published_time\" content=\"2016-03-09T00:00:00+00:00\" \/>\n<meta property=\"article:modified_time\" content=\"2021-10-18T16:16:23+00:00\" \/>\n<meta property=\"og:image\" content=\"https:\/\/www.rodi.cat\/blog\/wp-content\/uploads\/2016\/03\/pedalada-sanglar-2016-rodimotorservices-1.jpg\" \/>\n\t<meta property=\"og:image:width\" content=\"740\" \/>\n\t<meta property=\"og:image:height\" content=\"480\" \/>\n\t<meta property=\"og:image:type\" content=\"image\/jpeg\" \/>\n<meta name=\"author\" content=\"admin\" \/>\n<meta name=\"twitter:card\" content=\"summary_large_image\" \/>\n<meta name=\"twitter:creator\" content=\"@MotorRodi\" \/>\n<meta name=\"twitter:site\" content=\"@MotorRodi\" \/>\n<meta name=\"twitter:label1\" content=\"Escrit per\" \/>\n\t<meta name=\"twitter:data1\" content=\"admin\" \/>\n\t<meta name=\"twitter:label2\" content=\"Temps estimat de lectura\" \/>\n\t<meta name=\"twitter:data2\" content=\"1 minut\" \/>\n<script type=\"application\/ld+json\" class=\"yoast-schema-graph\">{\"@context\":\"https:\/\/schema.org\",\"@graph\":[{\"@type\":\"Article\",\"@id\":\"https:\/\/www.rodi.cat\/blog\/nova-edicio-de-la-pedalada-del-senglar-2016-amb-rodi-motor-services\/#article\",\"isPartOf\":{\"@id\":\"https:\/\/www.rodi.cat\/blog\/nova-edicio-de-la-pedalada-del-senglar-2016-amb-rodi-motor-services\/\"},\"author\":{\"name\":\"admin\",\"@id\":\"https:\/\/www.rodi.cat\/blog\/#\/schema\/person\/d4e64de354e595dc7ef2a36759fca15c\"},\"headline\":\"Nova Edici\u00f3 de la pedalada del senglar 2016\",\"datePublished\":\"2016-03-09T00:00:00+00:00\",\"dateModified\":\"2021-10-18T16:16:23+00:00\",\"mainEntityOfPage\":{\"@id\":\"https:\/\/www.rodi.cat\/blog\/nova-edicio-de-la-pedalada-del-senglar-2016-amb-rodi-motor-services\/\"},\"wordCount\":110,\"publisher\":{\"@id\":\"https:\/\/www.rodi.cat\/blog\/#organization\"},\"image\":{\"@id\":\"https:\/\/www.rodi.cat\/blog\/nova-edicio-de-la-pedalada-del-senglar-2016-amb-rodi-motor-services\/#primaryimage\"},\"thumbnailUrl\":\"https:\/\/www.rodi.cat\/blog\/wp-content\/uploads\/2016\/03\/pedalada-sanglar-2016-rodimotorservices-1.jpg\",\"inLanguage\":\"ca\"},{\"@type\":\"WebPage\",\"@id\":\"https:\/\/www.rodi.cat\/blog\/nova-edicio-de-la-pedalada-del-senglar-2016-amb-rodi-motor-services\/\",\"url\":\"https:\/\/www.rodi.cat\/blog\/nova-edicio-de-la-pedalada-del-senglar-2016-amb-rodi-motor-services\/\",\"name\":\"Nova Edici\u00f3 de la pedalada del senglar 2016 - Rodi Motor Services\",\"isPartOf\":{\"@id\":\"https:\/\/www.rodi.cat\/blog\/#website\"},\"primaryImageOfPage\":{\"@id\":\"https:\/\/www.rodi.cat\/blog\/nova-edicio-de-la-pedalada-del-senglar-2016-amb-rodi-motor-services\/#primaryimage\"},\"image\":{\"@id\":\"https:\/\/www.rodi.cat\/blog\/nova-edicio-de-la-pedalada-del-senglar-2016-amb-rodi-motor-services\/#primaryimage\"},\"thumbnailUrl\":\"https:\/\/www.rodi.cat\/blog\/wp-content\/uploads\/2016\/03\/pedalada-sanglar-2016-rodimotorservices-1.jpg\",\"datePublished\":\"2016-03-09T00:00:00+00:00\",\"dateModified\":\"2021-10-18T16:16:23+00:00\",\"breadcrumb\":{\"@id\":\"https:\/\/www.rodi.cat\/blog\/nova-edicio-de-la-pedalada-del-senglar-2016-amb-rodi-motor-services\/#breadcrumb\"},\"inLanguage\":\"ca\",\"potentialAction\":[{\"@type\":\"ReadAction\",\"target\":[\"https:\/\/www.rodi.cat\/blog\/nova-edicio-de-la-pedalada-del-senglar-2016-amb-rodi-motor-services\/\"]}]},{\"@type\":\"ImageObject\",\"inLanguage\":\"ca\",\"@id\":\"https:\/\/www.rodi.cat\/blog\/nova-edicio-de-la-pedalada-del-senglar-2016-amb-rodi-motor-services\/#primaryimage\",\"url\":\"https:\/\/www.rodi.cat\/blog\/wp-content\/uploads\/2016\/03\/pedalada-sanglar-2016-rodimotorservices-1.jpg\",\"contentUrl\":\"https:\/\/www.rodi.cat\/blog\/wp-content\/uploads\/2016\/03\/pedalada-sanglar-2016-rodimotorservices-1.jpg\",\"width\":740,\"height\":480,\"caption\":\"pedalada sanglar 2016\"},{\"@type\":\"BreadcrumbList\",\"@id\":\"https:\/\/www.rodi.cat\/blog\/nova-edicio-de-la-pedalada-del-senglar-2016-amb-rodi-motor-services\/#breadcrumb\",\"itemListElement\":[{\"@type\":\"ListItem\",\"position\":1,\"name\":\"Portada\",\"item\":\"https:\/\/www.rodi.cat\/blog\/\"},{\"@type\":\"ListItem\",\"position\":2,\"name\":\"Nova Edici\u00f3 de la pedalada del senglar 2016\"}]},{\"@type\":\"WebSite\",\"@id\":\"https:\/\/www.rodi.cat\/blog\/#website\",\"url\":\"https:\/\/www.rodi.cat\/blog\/\",\"name\":\"Rodi Motor Services\",\"description\":\"Neum\u00e1ticos al mejor precio\",\"publisher\":{\"@id\":\"https:\/\/www.rodi.cat\/blog\/#organization\"},\"potentialAction\":[{\"@type\":\"SearchAction\",\"target\":{\"@type\":\"EntryPoint\",\"urlTemplate\":\"https:\/\/www.rodi.cat\/blog\/?s={search_term_string}\"},\"query-input\":{\"@type\":\"PropertyValueSpecification\",\"valueRequired\":true,\"valueName\":\"search_term_string\"}}],\"inLanguage\":\"ca\"},{\"@type\":\"Organization\",\"@id\":\"https:\/\/www.rodi.cat\/blog\/#organization\",\"name\":\"Rodi Motor Services\",\"url\":\"https:\/\/www.rodi.cat\/blog\/\",\"logo\":{\"@type\":\"ImageObject\",\"inLanguage\":\"ca\",\"@id\":\"https:\/\/www.rodi.cat\/blog\/#\/schema\/logo\/image\/\",\"url\":\"https:\/\/www.rodi.cat\/blog\/wp-content\/uploads\/2020\/05\/logo-rodi.jpg\",\"contentUrl\":\"https:\/\/www.rodi.cat\/blog\/wp-content\/uploads\/2020\/05\/logo-rodi.jpg\",\"width\":250,\"height\":250,\"caption\":\"Rodi Motor Services\"},\"image\":{\"@id\":\"https:\/\/www.rodi.cat\/blog\/#\/schema\/logo\/image\/\"},\"sameAs\":[\"https:\/\/www.facebook.com\/rodimotorservices\",\"https:\/\/x.com\/MotorRodi\",\"https:\/\/www.instagram.com\/rodimotorservices\/\",\"https:\/\/es.linkedin.com\/company\/rodi-motor-services\",\"https:\/\/www.youtube.com\/user\/rodimotorservices\"]},{\"@type\":\"Person\",\"@id\":\"https:\/\/www.rodi.cat\/blog\/#\/schema\/person\/d4e64de354e595dc7ef2a36759fca15c\",\"name\":\"admin\",\"image\":{\"@type\":\"ImageObject\",\"inLanguage\":\"ca\",\"@id\":\"https:\/\/www.rodi.cat\/blog\/#\/schema\/person\/image\/\",\"url\":\"https:\/\/secure.gravatar.com\/avatar\/2dcfc725cd78c869421cb0f828640041?s=96&d=mm&r=g\",\"contentUrl\":\"https:\/\/secure.gravatar.com\/avatar\/2dcfc725cd78c869421cb0f828640041?s=96&d=mm&r=g\",\"caption\":\"admin\"}}]}<\/script>\n<!-- \/ Yoast SEO plugin. -->","yoast_head_json":{"title":"Nova Edici\u00f3 de la pedalada del senglar 2016 - Rodi Motor Services","robots":{"index":"index","follow":"follow","max-snippet":"max-snippet:-1","max-image-preview":"max-image-preview:large","max-video-preview":"max-video-preview:-1"},"canonical":"https:\/\/www.rodi.cat\/blog\/nova-edicio-de-la-pedalada-del-senglar-2016-amb-rodi-motor-services\/","og_locale":"ca_ES","og_type":"article","og_title":"Nova Edici\u00f3 de la pedalada del senglar 2016 - Rodi Motor Services","og_description":"La Pedalada del Senglar va n\u00e9ixer ara fa 5 anys organitzada per l&#8217;Ajuntament de C\u00e0noves i Salam\u00fas. Es tracta d&#8217;una prova d&#8217;una duresa mitjana-alta que consta de dos circuits: un de curt i l&#8217;altre de llarg. Enguany, la Pedalada del Senglar va contar amb 400 participants que van fer els dos recorreguts a trav\u00e9s de &hellip; Seguir llegint \"Nova Edici\u00f3 de la pedalada del senglar 2016\"","og_url":"https:\/\/www.rodi.cat\/blog\/nova-edicio-de-la-pedalada-del-senglar-2016-amb-rodi-motor-services\/","og_site_name":"Rodi Motor Services","article_publisher":"https:\/\/www.facebook.com\/rodimotorservices","article_published_time":"2016-03-09T00:00:00+00:00","article_modified_time":"2021-10-18T16:16:23+00:00","og_image":[{"width":740,"height":480,"url":"https:\/\/www.rodi.cat\/blog\/wp-content\/uploads\/2016\/03\/pedalada-sanglar-2016-rodimotorservices-1.jpg","type":"image\/jpeg"}],"author":"admin","twitter_card":"summary_large_image","twitter_creator":"@MotorRodi","twitter_site":"@MotorRodi","twitter_misc":{"Escrit per":"admin","Temps estimat de lectura":"1 minut"},"schema":{"@context":"https:\/\/schema.org","@graph":[{"@type":"Article","@id":"https:\/\/www.rodi.cat\/blog\/nova-edicio-de-la-pedalada-del-senglar-2016-amb-rodi-motor-services\/#article","isPartOf":{"@id":"https:\/\/www.rodi.cat\/blog\/nova-edicio-de-la-pedalada-del-senglar-2016-amb-rodi-motor-services\/"},"author":{"name":"admin","@id":"https:\/\/www.rodi.cat\/blog\/#\/schema\/person\/d4e64de354e595dc7ef2a36759fca15c"},"headline":"Nova Edici\u00f3 de la pedalada del senglar 2016","datePublished":"2016-03-09T00:00:00+00:00","dateModified":"2021-10-18T16:16:23+00:00","mainEntityOfPage":{"@id":"https:\/\/www.rodi.cat\/blog\/nova-edicio-de-la-pedalada-del-senglar-2016-amb-rodi-motor-services\/"},"wordCount":110,"publisher":{"@id":"https:\/\/www.rodi.cat\/blog\/#organization"},"image":{"@id":"https:\/\/www.rodi.cat\/blog\/nova-edicio-de-la-pedalada-del-senglar-2016-amb-rodi-motor-services\/#primaryimage"},"thumbnailUrl":"https:\/\/www.rodi.cat\/blog\/wp-content\/uploads\/2016\/03\/pedalada-sanglar-2016-rodimotorservices-1.jpg","inLanguage":"ca"},{"@type":"WebPage","@id":"https:\/\/www.rodi.cat\/blog\/nova-edicio-de-la-pedalada-del-senglar-2016-amb-rodi-motor-services\/","url":"https:\/\/www.rodi.cat\/blog\/nova-edicio-de-la-pedalada-del-senglar-2016-amb-rodi-motor-services\/","name":"Nova Edici\u00f3 de la pedalada del senglar 2016 - Rodi Motor Services","isPartOf":{"@id":"https:\/\/www.rodi.cat\/blog\/#website"},"primaryImageOfPage":{"@id":"https:\/\/www.rodi.cat\/blog\/nova-edicio-de-la-pedalada-del-senglar-2016-amb-rodi-motor-services\/#primaryimage"},"image":{"@id":"https:\/\/www.rodi.cat\/blog\/nova-edicio-de-la-pedalada-del-senglar-2016-amb-rodi-motor-services\/#primaryimage"},"thumbnailUrl":"https:\/\/www.rodi.cat\/blog\/wp-content\/uploads\/2016\/03\/pedalada-sanglar-2016-rodimotorservices-1.jpg","datePublished":"2016-03-09T00:00:00+00:00","dateModified":"2021-10-18T16:16:23+00:00","breadcrumb":{"@id":"https:\/\/www.rodi.cat\/blog\/nova-edicio-de-la-pedalada-del-senglar-2016-amb-rodi-motor-services\/#breadcrumb"},"inLanguage":"ca","potentialAction":[{"@type":"ReadAction","target":["https:\/\/www.rodi.cat\/blog\/nova-edicio-de-la-pedalada-del-senglar-2016-amb-rodi-motor-services\/"]}]},{"@type":"ImageObject","inLanguage":"ca","@id":"https:\/\/www.rodi.cat\/blog\/nova-edicio-de-la-pedalada-del-senglar-2016-amb-rodi-motor-services\/#primaryimage","url":"https:\/\/www.rodi.cat\/blog\/wp-content\/uploads\/2016\/03\/pedalada-sanglar-2016-rodimotorservices-1.jpg","contentUrl":"https:\/\/www.rodi.cat\/blog\/wp-content\/uploads\/2016\/03\/pedalada-sanglar-2016-rodimotorservices-1.jpg","width":740,"height":480,"caption":"pedalada sanglar 2016"},{"@type":"BreadcrumbList","@id":"https:\/\/www.rodi.cat\/blog\/nova-edicio-de-la-pedalada-del-senglar-2016-amb-rodi-motor-services\/#breadcrumb","itemListElement":[{"@type":"ListItem","position":1,"name":"Portada","item":"https:\/\/www.rodi.cat\/blog\/"},{"@type":"ListItem","position":2,"name":"Nova Edici\u00f3 de la pedalada del senglar 2016"}]},{"@type":"WebSite","@id":"https:\/\/www.rodi.cat\/blog\/#website","url":"https:\/\/www.rodi.cat\/blog\/","name":"Rodi Motor Services","description":"Neum\u00e1ticos al mejor precio","publisher":{"@id":"https:\/\/www.rodi.cat\/blog\/#organization"},"potentialAction":[{"@type":"SearchAction","target":{"@type":"EntryPoint","urlTemplate":"https:\/\/www.rodi.cat\/blog\/?s={search_term_string}"},"query-input":{"@type":"PropertyValueSpecification","valueRequired":true,"valueName":"search_term_string"}}],"inLanguage":"ca"},{"@type":"Organization","@id":"https:\/\/www.rodi.cat\/blog\/#organization","name":"Rodi Motor Services","url":"https:\/\/www.rodi.cat\/blog\/","logo":{"@type":"ImageObject","inLanguage":"ca","@id":"https:\/\/www.rodi.cat\/blog\/#\/schema\/logo\/image\/","url":"https:\/\/www.rodi.cat\/blog\/wp-content\/uploads\/2020\/05\/logo-rodi.jpg","contentUrl":"https:\/\/www.rodi.cat\/blog\/wp-content\/uploads\/2020\/05\/logo-rodi.jpg","width":250,"height":250,"caption":"Rodi Motor Services"},"image":{"@id":"https:\/\/www.rodi.cat\/blog\/#\/schema\/logo\/image\/"},"sameAs":["https:\/\/www.facebook.com\/rodimotorservices","https:\/\/x.com\/MotorRodi","https:\/\/www.instagram.com\/rodimotorservices\/","https:\/\/es.linkedin.com\/company\/rodi-motor-services","https:\/\/www.youtube.com\/user\/rodimotorservices"]},{"@type":"Person","@id":"https:\/\/www.rodi.cat\/blog\/#\/schema\/person\/d4e64de354e595dc7ef2a36759fca15c","name":"admin","image":{"@type":"ImageObject","inLanguage":"ca","@id":"https:\/\/www.rodi.cat\/blog\/#\/schema\/person\/image\/","url":"https:\/\/secure.gravatar.com\/avatar\/2dcfc725cd78c869421cb0f828640041?s=96&d=mm&r=g","contentUrl":"https:\/\/secure.gravatar.com\/avatar\/2dcfc725cd78c869421cb0f828640041?s=96&d=mm&r=g","caption":"admin"}}]}},"_links":{"self":[{"href":"https:\/\/www.rodi.cat\/blog\/wp-json\/wp\/v2\/posts\/421"}],"collection":[{"href":"https:\/\/www.rodi.cat\/blog\/wp-json\/wp\/v2\/posts"}],"about":[{"href":"https:\/\/www.rodi.cat\/blog\/wp-json\/wp\/v2\/types\/post"}],"author":[{"embeddable":true,"href":"https:\/\/www.rodi.cat\/blog\/wp-json\/wp\/v2\/users\/1"}],"replies":[{"embeddable":true,"href":"https:\/\/www.rodi.cat\/blog\/wp-json\/wp\/v2\/comments?post=421"}],"version-history":[{"count":1,"href":"https:\/\/www.rodi.cat\/blog\/wp-json\/wp\/v2\/posts\/421\/revisions"}],"predecessor-version":[{"id":6224,"href":"https:\/\/www.rodi.cat\/blog\/wp-json\/wp\/v2\/posts\/421\/revisions\/6224"}],"wp:featuredmedia":[{"embeddable":true,"href":"https:\/\/www.rodi.cat\/blog\/wp-json\/wp\/v2\/media\/6222"}],"wp:attachment":[{"href":"https:\/\/www.rodi.cat\/blog\/wp-json\/wp\/v2\/media?parent=421"}],"wp:term":[{"taxonomy":"category","embeddable":true,"href":"https:\/\/www.rodi.cat\/blog\/wp-json\/wp\/v2\/categories?post=421"},{"taxonomy":"post_tag","embeddable":true,"href":"https:\/\/www.rodi.cat\/blog\/wp-json\/wp\/v2\/tags?post=421"}],"curies":[{"name":"wp","href":"https:\/\/api.w.org\/{rel}","templated":true}]}}