{"id":469,"date":"2021-08-24T00:00:00","date_gmt":"2021-08-24T00:00:00","guid":{"rendered":""},"modified":"2021-08-24T14:00:20","modified_gmt":"2021-08-24T14:00:20","slug":"conduir-amb-calor","status":"publish","type":"post","link":"https:\/\/www.rodi.cat\/blog\/conduir-amb-calor\/","title":{"rendered":"El que has de saber per conduir el teu cotxe en dies de calor"},"content":{"rendered":"\n<p>Conduir durant els dies de m\u00e9s calor de l&#8217;any comporta certs riscos que molts conductors desconeixen.\u00a0\u00c9s cert, que les condicions a la carretera i l&#8217;asfalt s\u00f3n millors a l&#8217;estiu que a l&#8217;hivern.\u00a0Aix\u00f2 ajuda a que hi hagi una percepci\u00f3 que conduir a l&#8217;estiu \u00e9s m\u00e9s segur i que la carretera pr\u00e0cticament no comporta riscos. \u00a0<\/p>\n\n\n\n<p>Tot i aix\u00f2, at\u00e8s que moltes persones realitzen les seves vacances i que les condicions clim\u00e0tiques conviden m\u00e9s a conduir,\u00a0<strong>el comptador d&#8217;accidents tendeix a ser molt superior durant els mesos de juny, juliol i agost<\/strong>\u00a0pel fet haver-hi m\u00e9s vehicles a la carretera circulant.<\/p>\n\n\n\n<h2 class=\"wp-block-heading\">Quines conseq\u00fc\u00e8ncies generen les altes temperatures?<\/h2>\n\n\n\n<p>En resum, es pot dir que\u00a0<strong>et cansar\u00e0s abans de conduir<\/strong>.\u00a0Els s\u00edmptomes de cansament apareixen amb anterioritat al conductor a causa de la temperatura m\u00e9s elevada.\u00a0El temps de resposta de davant de situacions inesperades s&#8217;incrementa a mesura que s&#8217;allarga el temps de conducci\u00f3.<\/p>\n\n\n\n<p>Per evitar aquesta situaci\u00f3 es convenient disposar d&#8217;un aire condicionat en perfecte estat que mantingui l&#8217;habitacle en condicions clim\u00e0tiques \u00f2ptimes que millorin la concentraci\u00f3 al volant del conductor.\u00a0Per a aix\u00f2,\u00a0<strong>\u00e9s imprescindible haver realitzat una\u00a0<a href=\"https:\/\/www.rodi.es\/coche\/carga-del-aire-acondicionado\/\">rec\u00e0rrega de gas de l&#8217;aire condicionat<\/a><\/strong>\u00a0i aix\u00ed evitar contratemps a causa d&#8217;aix\u00f2. <\/p>\n\n\n\n<div class=\"wp-block-buttons is-content-justification-center is-layout-flex wp-block-buttons-is-layout-flex\">\n<div class=\"wp-block-button\"><a class=\"wp-block-button__link has-text-color has-background no-border-radius\" href=\"https:\/\/www.rodi.cat\/cotxe\/carga-del-aire-acondicionat\/\" style=\"background-color:#f6d000;color:#0a0a0a\">REC\u00c0RREGA AIRE CONDICIONAT<\/a><\/div>\n<\/div>\n\n\n\n<figure class=\"wp-block-image\"><img decoding=\"async\" width=\"740\" height=\"416\" src=\"https:\/\/www.rodi.es\/blog\/wp-content\/uploads\/2021\/08\/aire-acondicionado-motor-automocion-vehiculo.jpg\" alt=\"m\u00e0 activa aire condicionat cotxe\" class=\"wp-image-5614\" srcset=\"https:\/\/www.rodi.cat\/blog\/wp-content\/uploads\/2021\/08\/aire-acondicionado-motor-automocion-vehiculo.jpg 740w, https:\/\/www.rodi.cat\/blog\/wp-content\/uploads\/2021\/08\/aire-acondicionado-motor-automocion-vehiculo-300x169.jpg 300w\" sizes=\"(max-width: 706px) 89vw, (max-width: 767px) 82vw, 740px\" \/><\/figure>\n\n\n\n<h2 class=\"wp-block-heading\">Qu\u00e8 has de fer com a conductor per evitar el cansament?<\/h2>\n\n\n\n<p>La millor manera per reduir el cansament \u00e9s&nbsp;<strong>ingerir menjars lleugers i utilitzar el sistema de climatitzaci\u00f3<\/strong>&nbsp;per evitar la sensaci\u00f3 de sufocaci\u00f3.&nbsp;&nbsp;&nbsp;<\/p>\n\n\n\n<p><strong>Fer parades sovint<\/strong>\u00a0\u00e9s tamb\u00e9 una de les millors indicacions.\u00a0Aix\u00f2 \u00e9s cada 150 km o cada 2 hores de viatge.\u00a0Quan baixis de l&#8217;autom\u00f2bil procura estirar les cames i relaxar-te durant uns minuts.<\/p>\n\n\n\n<p>Com no pot ser d&#8217;un altre manera,\u00a0<strong>res de consumir begudes alcoh\u00f2liques com cervesa o vi<\/strong>\u00a0, ja que reduiran encara m\u00e9s la teva capacitat de concentraci\u00f3.\u00a0La millor opci\u00f3 \u00e9s prendre aigua o ingerir un refresc que t&#8217;ajudi a mantenir la m\u00e0xima atenci\u00f3 al volant.<\/p>\n\n\n\n<h2 class=\"wp-block-heading\">Quins s\u00f3n els errors m\u00e9s freq\u00fcents al conduir amb calor?<\/h2>\n\n\n\n<p>Et recomanem no establir una temperatura massa freda a l&#8217;aire condicionat del teu cotxe.\u00a0La millor opci\u00f3 \u00e9s que la\u00a0<strong>temperatura sigui equilibrada i es situ\u00ef entre els 22 i els 24 graus cent\u00edgrads.<\/strong><\/p>\n\n\n\n<p>\u00c9s preferible que facis servir m\u00e9s el sistema de climatitzaci\u00f3 que les finestres del cotxe.\u00a0<strong>Si viatges amb les finestres baixades incrementar\u00e0s el consum de combustible<\/strong>, m\u00e9s que si ho fas amb l&#8217;aire condicionat.\u00a0Sobretot, a altes velocitats.<\/p>\n\n\n\n<p>Assegura&#8217;t de mantenir-te hidratat en tot moment.\u00a0Portar una ampolla d&#8217;aigua sempre va b\u00e9.\u00a0Tingues en compte que la manca de l\u00edquids provoca una reducci\u00f3 important en l&#8217;atenci\u00f3 al volant, mal de cap i, fins i tot, cansament muscular.<\/p>\n\n\n\n<p>Si el viatge ho permet,\u00a0<strong>en \u00e8poques de temperatura elevada, pot ser recomanable fer una part o la totalitat de el viatge en horari nocturn<\/strong>.\u00a0D&#8217;aquesta manera, es realitza quan la temperatura \u00e9s m\u00e9s moderada i les condicions de la carretera m\u00e9s favorables a l&#8217;haver-hi menys tr\u00e0nsit. \u00a0<\/p>\n\n\n\n<h2 class=\"wp-block-heading\">Consells de tallers Rodi Motor Services per conduir en dies de calor.<\/h2>\n\n\n\n<p>Pel que fa al teu vehicle, abans de marxar de viatge a l&#8217;estiu hi ha dues coses que et recomanem realitzar sense falta.\u00a0La primera \u00e9s assegurar-te que les\u00a0<strong>revisions peri\u00f2diques del cotxe estan realitzades i la ITV en vigor<\/strong>.\u00a0El segon punt \u00e9s el sistema de climatitzaci\u00f3 al qu\u00e8 generalment li conv\u00e9 una\u00a0<strong>rec\u00e0rrega de gas de l&#8217;aire condicionat<\/strong>.<\/p>\n\n\n\n<p>Es tracta d&#8217;una operaci\u00f3 que has de fer sens dubte en un taller especialitzat com posa a la teva disposici\u00f3 Rodi Motor Services.\u00a0Demana cita al teu taller m\u00e9s proper i ens ocuparem de realitzar la millor posada a punt al teu vehicle!<\/p>\n\n\n\n<div class=\"wp-block-buttons is-content-justification-center is-layout-flex wp-block-buttons-is-layout-flex\">\n<div class=\"wp-block-button\"><a class=\"wp-block-button__link has-text-color has-background no-border-radius\" href=\"https:\/\/www.rodi.cat\/revisions\/assistent\/\" style=\"background-color:#f6d000;color:#0d0d0d\">DEMANAR CITA PR\u00c8VIA<\/a><\/div>\n<\/div>\n","protected":false},"excerpt":{"rendered":"<p>Conduir durant els dies de m\u00e9s calor de l&#8217;any comporta certs riscos que molts conductors desconeixen.\u00a0\u00c9s cert, que les condicions a la carretera i l&#8217;asfalt s\u00f3n millors a l&#8217;estiu que a l&#8217;hivern.\u00a0Aix\u00f2 ajuda a que hi hagi una percepci\u00f3 que conduir a l&#8217;estiu \u00e9s m\u00e9s segur i que la carretera pr\u00e0cticament no comporta riscos. \u00a0 &hellip; <\/p>\n<p class=\"link-more\"><a href=\"https:\/\/www.rodi.cat\/blog\/conduir-amb-calor\/\" class=\"more-link\">Seguir llegint<span class=\"screen-reader-text\"> &#8220;El que has de saber per conduir el teu cotxe en dies de calor&#8221;<\/span><\/a><\/p>\n","protected":false},"author":1,"featured_media":3488,"comment_status":"closed","ping_status":"closed","sticky":false,"template":"","format":"standard","meta":{"footnotes":""},"categories":[2],"tags":[],"yoast_head":"<!-- This site is optimized with the Yoast SEO plugin v24.4 - https:\/\/yoast.com\/wordpress\/plugins\/seo\/ -->\n<title>El que has de saber per conduir el teu cotxe en dies de calor.<\/title>\n<meta name=\"description\" content=\"Conduir en dies de calor comporta riscos que molts conductors desconeixen. A Rodi t&#039;expliquem la millor manera de combatre&#039;ls.\" \/>\n<meta name=\"robots\" content=\"index, follow, max-snippet:-1, max-image-preview:large, max-video-preview:-1\" \/>\n<link rel=\"canonical\" href=\"https:\/\/www.rodi.cat\/blog\/conduir-amb-calor\/\" \/>\n<meta property=\"og:locale\" content=\"ca_ES\" \/>\n<meta property=\"og:type\" content=\"article\" \/>\n<meta property=\"og:title\" content=\"El que has de saber per conduir el teu cotxe en dies de calor.\" \/>\n<meta property=\"og:description\" content=\"Conduir en dies de calor comporta riscos que molts conductors desconeixen. A Rodi t&#039;expliquem la millor manera de combatre&#039;ls.\" \/>\n<meta property=\"og:url\" content=\"https:\/\/www.rodi.cat\/blog\/conduir-amb-calor\/\" \/>\n<meta property=\"og:site_name\" content=\"Rodi Motor Services\" \/>\n<meta property=\"article:publisher\" content=\"https:\/\/www.facebook.com\/rodimotorservices\" \/>\n<meta property=\"article:published_time\" content=\"2021-08-24T00:00:00+00:00\" \/>\n<meta property=\"article:modified_time\" content=\"2021-08-24T14:00:20+00:00\" \/>\n<meta property=\"og:image\" content=\"https:\/\/www.rodi.cat\/blog\/wp-content\/uploads\/2016\/07\/coche-calor-aire-acondicionado.jpg\" \/>\n\t<meta property=\"og:image:width\" content=\"740\" \/>\n\t<meta property=\"og:image:height\" content=\"480\" \/>\n\t<meta property=\"og:image:type\" content=\"image\/jpeg\" \/>\n<meta name=\"author\" content=\"admin\" \/>\n<meta name=\"twitter:card\" content=\"summary_large_image\" \/>\n<meta name=\"twitter:creator\" content=\"@MotorRodi\" \/>\n<meta name=\"twitter:site\" content=\"@MotorRodi\" \/>\n<meta name=\"twitter:label1\" content=\"Escrit per\" \/>\n\t<meta name=\"twitter:data1\" content=\"admin\" \/>\n\t<meta name=\"twitter:label2\" content=\"Temps estimat de lectura\" \/>\n\t<meta name=\"twitter:data2\" content=\"3 minuts\" \/>\n<script type=\"application\/ld+json\" class=\"yoast-schema-graph\">{\"@context\":\"https:\/\/schema.org\",\"@graph\":[{\"@type\":\"Article\",\"@id\":\"https:\/\/www.rodi.cat\/blog\/conduir-amb-calor\/#article\",\"isPartOf\":{\"@id\":\"https:\/\/www.rodi.cat\/blog\/conduir-amb-calor\/\"},\"author\":{\"name\":\"admin\",\"@id\":\"https:\/\/www.rodi.cat\/blog\/#\/schema\/person\/d4e64de354e595dc7ef2a36759fca15c\"},\"headline\":\"El que has de saber per conduir el teu cotxe en dies de calor\",\"datePublished\":\"2021-08-24T00:00:00+00:00\",\"dateModified\":\"2021-08-24T14:00:20+00:00\",\"mainEntityOfPage\":{\"@id\":\"https:\/\/www.rodi.cat\/blog\/conduir-amb-calor\/\"},\"wordCount\":677,\"publisher\":{\"@id\":\"https:\/\/www.rodi.cat\/blog\/#organization\"},\"image\":{\"@id\":\"https:\/\/www.rodi.cat\/blog\/conduir-amb-calor\/#primaryimage\"},\"thumbnailUrl\":\"https:\/\/www.rodi.cat\/blog\/wp-content\/uploads\/2016\/07\/coche-calor-aire-acondicionado.jpg\",\"inLanguage\":\"ca\"},{\"@type\":\"WebPage\",\"@id\":\"https:\/\/www.rodi.cat\/blog\/conduir-amb-calor\/\",\"url\":\"https:\/\/www.rodi.cat\/blog\/conduir-amb-calor\/\",\"name\":\"El que has de saber per conduir el teu cotxe en dies de calor.\",\"isPartOf\":{\"@id\":\"https:\/\/www.rodi.cat\/blog\/#website\"},\"primaryImageOfPage\":{\"@id\":\"https:\/\/www.rodi.cat\/blog\/conduir-amb-calor\/#primaryimage\"},\"image\":{\"@id\":\"https:\/\/www.rodi.cat\/blog\/conduir-amb-calor\/#primaryimage\"},\"thumbnailUrl\":\"https:\/\/www.rodi.cat\/blog\/wp-content\/uploads\/2016\/07\/coche-calor-aire-acondicionado.jpg\",\"datePublished\":\"2021-08-24T00:00:00+00:00\",\"dateModified\":\"2021-08-24T14:00:20+00:00\",\"description\":\"Conduir en dies de calor comporta riscos que molts conductors desconeixen. A Rodi t'expliquem la millor manera de combatre'ls.\",\"breadcrumb\":{\"@id\":\"https:\/\/www.rodi.cat\/blog\/conduir-amb-calor\/#breadcrumb\"},\"inLanguage\":\"ca\",\"potentialAction\":[{\"@type\":\"ReadAction\",\"target\":[\"https:\/\/www.rodi.cat\/blog\/conduir-amb-calor\/\"]}]},{\"@type\":\"ImageObject\",\"inLanguage\":\"ca\",\"@id\":\"https:\/\/www.rodi.cat\/blog\/conduir-amb-calor\/#primaryimage\",\"url\":\"https:\/\/www.rodi.cat\/blog\/wp-content\/uploads\/2016\/07\/coche-calor-aire-acondicionado.jpg\",\"contentUrl\":\"https:\/\/www.rodi.cat\/blog\/wp-content\/uploads\/2016\/07\/coche-calor-aire-acondicionado.jpg\",\"width\":740,\"height\":480,\"caption\":\"cotxe calor aire condicionat\"},{\"@type\":\"BreadcrumbList\",\"@id\":\"https:\/\/www.rodi.cat\/blog\/conduir-amb-calor\/#breadcrumb\",\"itemListElement\":[{\"@type\":\"ListItem\",\"position\":1,\"name\":\"Portada\",\"item\":\"https:\/\/www.rodi.cat\/blog\/\"},{\"@type\":\"ListItem\",\"position\":2,\"name\":\"El que has de saber per conduir el teu cotxe en dies de calor\"}]},{\"@type\":\"WebSite\",\"@id\":\"https:\/\/www.rodi.cat\/blog\/#website\",\"url\":\"https:\/\/www.rodi.cat\/blog\/\",\"name\":\"Rodi Motor Services\",\"description\":\"Neum\u00e1ticos al mejor precio\",\"publisher\":{\"@id\":\"https:\/\/www.rodi.cat\/blog\/#organization\"},\"potentialAction\":[{\"@type\":\"SearchAction\",\"target\":{\"@type\":\"EntryPoint\",\"urlTemplate\":\"https:\/\/www.rodi.cat\/blog\/?s={search_term_string}\"},\"query-input\":{\"@type\":\"PropertyValueSpecification\",\"valueRequired\":true,\"valueName\":\"search_term_string\"}}],\"inLanguage\":\"ca\"},{\"@type\":\"Organization\",\"@id\":\"https:\/\/www.rodi.cat\/blog\/#organization\",\"name\":\"Rodi Motor Services\",\"url\":\"https:\/\/www.rodi.cat\/blog\/\",\"logo\":{\"@type\":\"ImageObject\",\"inLanguage\":\"ca\",\"@id\":\"https:\/\/www.rodi.cat\/blog\/#\/schema\/logo\/image\/\",\"url\":\"https:\/\/www.rodi.cat\/blog\/wp-content\/uploads\/2020\/05\/logo-rodi.jpg\",\"contentUrl\":\"https:\/\/www.rodi.cat\/blog\/wp-content\/uploads\/2020\/05\/logo-rodi.jpg\",\"width\":250,\"height\":250,\"caption\":\"Rodi Motor Services\"},\"image\":{\"@id\":\"https:\/\/www.rodi.cat\/blog\/#\/schema\/logo\/image\/\"},\"sameAs\":[\"https:\/\/www.facebook.com\/rodimotorservices\",\"https:\/\/x.com\/MotorRodi\",\"https:\/\/www.instagram.com\/rodimotorservices\/\",\"https:\/\/es.linkedin.com\/company\/rodi-motor-services\",\"https:\/\/www.youtube.com\/user\/rodimotorservices\"]},{\"@type\":\"Person\",\"@id\":\"https:\/\/www.rodi.cat\/blog\/#\/schema\/person\/d4e64de354e595dc7ef2a36759fca15c\",\"name\":\"admin\",\"image\":{\"@type\":\"ImageObject\",\"inLanguage\":\"ca\",\"@id\":\"https:\/\/www.rodi.cat\/blog\/#\/schema\/person\/image\/\",\"url\":\"https:\/\/secure.gravatar.com\/avatar\/2dcfc725cd78c869421cb0f828640041?s=96&d=mm&r=g\",\"contentUrl\":\"https:\/\/secure.gravatar.com\/avatar\/2dcfc725cd78c869421cb0f828640041?s=96&d=mm&r=g\",\"caption\":\"admin\"}}]}<\/script>\n<!-- \/ Yoast SEO plugin. -->","yoast_head_json":{"title":"El que has de saber per conduir el teu cotxe en dies de calor.","description":"Conduir en dies de calor comporta riscos que molts conductors desconeixen. A Rodi t'expliquem la millor manera de combatre'ls.","robots":{"index":"index","follow":"follow","max-snippet":"max-snippet:-1","max-image-preview":"max-image-preview:large","max-video-preview":"max-video-preview:-1"},"canonical":"https:\/\/www.rodi.cat\/blog\/conduir-amb-calor\/","og_locale":"ca_ES","og_type":"article","og_title":"El que has de saber per conduir el teu cotxe en dies de calor.","og_description":"Conduir en dies de calor comporta riscos que molts conductors desconeixen. A Rodi t'expliquem la millor manera de combatre'ls.","og_url":"https:\/\/www.rodi.cat\/blog\/conduir-amb-calor\/","og_site_name":"Rodi Motor Services","article_publisher":"https:\/\/www.facebook.com\/rodimotorservices","article_published_time":"2021-08-24T00:00:00+00:00","article_modified_time":"2021-08-24T14:00:20+00:00","og_image":[{"width":740,"height":480,"url":"https:\/\/www.rodi.cat\/blog\/wp-content\/uploads\/2016\/07\/coche-calor-aire-acondicionado.jpg","type":"image\/jpeg"}],"author":"admin","twitter_card":"summary_large_image","twitter_creator":"@MotorRodi","twitter_site":"@MotorRodi","twitter_misc":{"Escrit per":"admin","Temps estimat de lectura":"3 minuts"},"schema":{"@context":"https:\/\/schema.org","@graph":[{"@type":"Article","@id":"https:\/\/www.rodi.cat\/blog\/conduir-amb-calor\/#article","isPartOf":{"@id":"https:\/\/www.rodi.cat\/blog\/conduir-amb-calor\/"},"author":{"name":"admin","@id":"https:\/\/www.rodi.cat\/blog\/#\/schema\/person\/d4e64de354e595dc7ef2a36759fca15c"},"headline":"El que has de saber per conduir el teu cotxe en dies de calor","datePublished":"2021-08-24T00:00:00+00:00","dateModified":"2021-08-24T14:00:20+00:00","mainEntityOfPage":{"@id":"https:\/\/www.rodi.cat\/blog\/conduir-amb-calor\/"},"wordCount":677,"publisher":{"@id":"https:\/\/www.rodi.cat\/blog\/#organization"},"image":{"@id":"https:\/\/www.rodi.cat\/blog\/conduir-amb-calor\/#primaryimage"},"thumbnailUrl":"https:\/\/www.rodi.cat\/blog\/wp-content\/uploads\/2016\/07\/coche-calor-aire-acondicionado.jpg","inLanguage":"ca"},{"@type":"WebPage","@id":"https:\/\/www.rodi.cat\/blog\/conduir-amb-calor\/","url":"https:\/\/www.rodi.cat\/blog\/conduir-amb-calor\/","name":"El que has de saber per conduir el teu cotxe en dies de calor.","isPartOf":{"@id":"https:\/\/www.rodi.cat\/blog\/#website"},"primaryImageOfPage":{"@id":"https:\/\/www.rodi.cat\/blog\/conduir-amb-calor\/#primaryimage"},"image":{"@id":"https:\/\/www.rodi.cat\/blog\/conduir-amb-calor\/#primaryimage"},"thumbnailUrl":"https:\/\/www.rodi.cat\/blog\/wp-content\/uploads\/2016\/07\/coche-calor-aire-acondicionado.jpg","datePublished":"2021-08-24T00:00:00+00:00","dateModified":"2021-08-24T14:00:20+00:00","description":"Conduir en dies de calor comporta riscos que molts conductors desconeixen. A Rodi t'expliquem la millor manera de combatre'ls.","breadcrumb":{"@id":"https:\/\/www.rodi.cat\/blog\/conduir-amb-calor\/#breadcrumb"},"inLanguage":"ca","potentialAction":[{"@type":"ReadAction","target":["https:\/\/www.rodi.cat\/blog\/conduir-amb-calor\/"]}]},{"@type":"ImageObject","inLanguage":"ca","@id":"https:\/\/www.rodi.cat\/blog\/conduir-amb-calor\/#primaryimage","url":"https:\/\/www.rodi.cat\/blog\/wp-content\/uploads\/2016\/07\/coche-calor-aire-acondicionado.jpg","contentUrl":"https:\/\/www.rodi.cat\/blog\/wp-content\/uploads\/2016\/07\/coche-calor-aire-acondicionado.jpg","width":740,"height":480,"caption":"cotxe calor aire condicionat"},{"@type":"BreadcrumbList","@id":"https:\/\/www.rodi.cat\/blog\/conduir-amb-calor\/#breadcrumb","itemListElement":[{"@type":"ListItem","position":1,"name":"Portada","item":"https:\/\/www.rodi.cat\/blog\/"},{"@type":"ListItem","position":2,"name":"El que has de saber per conduir el teu cotxe en dies de calor"}]},{"@type":"WebSite","@id":"https:\/\/www.rodi.cat\/blog\/#website","url":"https:\/\/www.rodi.cat\/blog\/","name":"Rodi Motor Services","description":"Neum\u00e1ticos al mejor precio","publisher":{"@id":"https:\/\/www.rodi.cat\/blog\/#organization"},"potentialAction":[{"@type":"SearchAction","target":{"@type":"EntryPoint","urlTemplate":"https:\/\/www.rodi.cat\/blog\/?s={search_term_string}"},"query-input":{"@type":"PropertyValueSpecification","valueRequired":true,"valueName":"search_term_string"}}],"inLanguage":"ca"},{"@type":"Organization","@id":"https:\/\/www.rodi.cat\/blog\/#organization","name":"Rodi Motor Services","url":"https:\/\/www.rodi.cat\/blog\/","logo":{"@type":"ImageObject","inLanguage":"ca","@id":"https:\/\/www.rodi.cat\/blog\/#\/schema\/logo\/image\/","url":"https:\/\/www.rodi.cat\/blog\/wp-content\/uploads\/2020\/05\/logo-rodi.jpg","contentUrl":"https:\/\/www.rodi.cat\/blog\/wp-content\/uploads\/2020\/05\/logo-rodi.jpg","width":250,"height":250,"caption":"Rodi Motor Services"},"image":{"@id":"https:\/\/www.rodi.cat\/blog\/#\/schema\/logo\/image\/"},"sameAs":["https:\/\/www.facebook.com\/rodimotorservices","https:\/\/x.com\/MotorRodi","https:\/\/www.instagram.com\/rodimotorservices\/","https:\/\/es.linkedin.com\/company\/rodi-motor-services","https:\/\/www.youtube.com\/user\/rodimotorservices"]},{"@type":"Person","@id":"https:\/\/www.rodi.cat\/blog\/#\/schema\/person\/d4e64de354e595dc7ef2a36759fca15c","name":"admin","image":{"@type":"ImageObject","inLanguage":"ca","@id":"https:\/\/www.rodi.cat\/blog\/#\/schema\/person\/image\/","url":"https:\/\/secure.gravatar.com\/avatar\/2dcfc725cd78c869421cb0f828640041?s=96&d=mm&r=g","contentUrl":"https:\/\/secure.gravatar.com\/avatar\/2dcfc725cd78c869421cb0f828640041?s=96&d=mm&r=g","caption":"admin"}}]}},"_links":{"self":[{"href":"https:\/\/www.rodi.cat\/blog\/wp-json\/wp\/v2\/posts\/469"}],"collection":[{"href":"https:\/\/www.rodi.cat\/blog\/wp-json\/wp\/v2\/posts"}],"about":[{"href":"https:\/\/www.rodi.cat\/blog\/wp-json\/wp\/v2\/types\/post"}],"author":[{"embeddable":true,"href":"https:\/\/www.rodi.cat\/blog\/wp-json\/wp\/v2\/users\/1"}],"replies":[{"embeddable":true,"href":"https:\/\/www.rodi.cat\/blog\/wp-json\/wp\/v2\/comments?post=469"}],"version-history":[{"count":13,"href":"https:\/\/www.rodi.cat\/blog\/wp-json\/wp\/v2\/posts\/469\/revisions"}],"predecessor-version":[{"id":5636,"href":"https:\/\/www.rodi.cat\/blog\/wp-json\/wp\/v2\/posts\/469\/revisions\/5636"}],"wp:featuredmedia":[{"embeddable":true,"href":"https:\/\/www.rodi.cat\/blog\/wp-json\/wp\/v2\/media\/3488"}],"wp:attachment":[{"href":"https:\/\/www.rodi.cat\/blog\/wp-json\/wp\/v2\/media?parent=469"}],"wp:term":[{"taxonomy":"category","embeddable":true,"href":"https:\/\/www.rodi.cat\/blog\/wp-json\/wp\/v2\/categories?post=469"},{"taxonomy":"post_tag","embeddable":true,"href":"https:\/\/www.rodi.cat\/blog\/wp-json\/wp\/v2\/tags?post=469"}],"curies":[{"name":"wp","href":"https:\/\/api.w.org\/{rel}","templated":true}]}}