{"id":6619,"date":"2021-11-23T12:13:43","date_gmt":"2021-11-23T12:13:43","guid":{"rendered":"https:\/\/www.rodi.es\/blog\/la-rodi-mitja-marato-vuelve-a-lleida-con-600-inscritos-en-la-carrera-de-21-km\/"},"modified":"2021-11-23T12:37:22","modified_gmt":"2021-11-23T12:37:22","slug":"rodi-mitja-marato-lleida-2021","status":"publish","type":"post","link":"https:\/\/www.rodi.cat\/blog\/rodi-mitja-marato-lleida-2021\/","title":{"rendered":"La Rodi Mitja Marat\u00f3 torna a Lleida amb 600 inscrits a la cursa de 21 Km"},"content":{"rendered":"\n<p>La&nbsp;<a href=\"https:\/\/rodimitjalleida.com\/\" target=\"_blank\" rel=\"noreferrer noopener\">Rodi Mitja Marat\u00f3 de Lleida<\/a>&nbsp;va celebrar la seva&nbsp;<strong>28a edici\u00f3 el diumenge 21 de novembre<\/strong>&nbsp;del 2021 amb 600 corredors a la cursa de 21 quil\u00f2metres.&nbsp;A Rodi Motor Services, que som patrocinador oficial, estem molt satisfets per haver pogut participar i formar part d&#8217;aquest esdeveniment esportiu que torna amb moltes energies despr\u00e9s de l&#8217;aturada produ\u00efda per la pand\u00e8mia durant el 2020.<\/p>\n\n\n\n<p>La Rodi Mitja Marat\u00f3 es una&nbsp;<strong>cursa de 21km, homologada per la Federaci\u00f3 Catalana d&#8217;Atletisme,<\/strong>&nbsp;que transcorre \u00edntegrament pels carrers de la ciutat de Lleida.<\/p>\n\n\n\n<p>La jornada de la Rodi Mitja Marat\u00f3 d&#8217;aquesta edici\u00f3 2021 va estar marcada per la pres\u00e8ncia de boira i una jornada freda que als corredors no van dubtar en desafiar.<\/p>\n\n\n\n<p>Aquest any, a causa de les restriccions sanit\u00e0ries, l&#8217;organitzaci\u00f3 de la cursa va decidir limitar la quantitat d&#8217;inscrits a 600 corredors, anul\u00b7lar les curses infantils i la prova de 5 quil\u00f2metres que altres anys s&#8217;ha disputat en paral\u00b7lel a la mitja marat\u00f3.&nbsp; &nbsp;<\/p>\n\n\n\n<h2 class=\"wp-block-heading\">Rodi Motor Services i el seu esperit esportiu<\/h2>\n\n\n\n<p><strong>M\u00e9s de 30 persones de l&#8217;equip Rodi<\/strong>, personal d&#8217;oficines de la companyia i equip t\u00e8cnic de taller, van disputar la cursa que, malgrat la pand\u00e8mia, \u00e9s un referent pels atletes de la prov\u00edncia de Lleida.&nbsp;Iv\u00e1n Esp\u00edlez, coordinador del gimn\u00e0s Ekke, va crear entrenaments personalitzats pels treballadors de Rodi participants a la carrera.<\/p>\n\n\n\n<p>Aquest esdeveniment, de gran import\u00e0ncia a Rodi,&nbsp;<strong>potencia l&#8217;esperit esportiu<\/strong>&nbsp;dins la companyia a tots els nivells, interns i externs.&nbsp;Despr\u00e9s de la cursa, tot l&#8217;equip participant va poder gaudir d&#8217;un dinar en grup on es van comentar els resultats i van recarregar piles.&nbsp;Des de l&#8217;organitzaci\u00f3 de Rodi tamb\u00e9 es va premiar als guanyadors de la categoria absoluta a les versions femenina i masculina.<\/p>\n\n\n\n<p>Rodi patrocina diferents competicions esportives i&nbsp;<strong>fomenta l&#8217;esport entre la seva plantilla<\/strong>, una iniciativa que presenta resultats positius pel&nbsp;<strong>rendiment i el benestar de tot l&#8217;equip<\/strong>&nbsp;.<\/p>\n\n\n\n<h2 class=\"wp-block-heading\">Els resultats de la mitja marat\u00f3 de Lleida 2021<\/h2>\n\n\n\n<p>Els guanyadors de les diferents categories van ser:<\/p>\n\n\n\n<ul><li>N\u00faria Tillo Prats a la categoria femenina 21 quil\u00f2metres que va realitzar el recorregut en un temps d&#8217;1h 21 minuts.<\/li><li>Ricard Past\u00f3 Llobera a la categoria masculina 21 quil\u00f2metres que va realitzar el recorregut en un temps d&#8217;1h 6 minuts.<\/li><\/ul>\n","protected":false},"excerpt":{"rendered":"<p>La&nbsp;Rodi Mitja Marat\u00f3 de Lleida&nbsp;va celebrar la seva&nbsp;28a edici\u00f3 el diumenge 21 de novembre&nbsp;del 2021 amb 600 corredors a la cursa de 21 quil\u00f2metres.&nbsp;A Rodi Motor Services, que som patrocinador oficial, estem molt satisfets per haver pogut participar i formar part d&#8217;aquest esdeveniment esportiu que torna amb moltes energies despr\u00e9s de l&#8217;aturada produ\u00efda per la &hellip; <\/p>\n<p class=\"link-more\"><a href=\"https:\/\/www.rodi.cat\/blog\/rodi-mitja-marato-lleida-2021\/\" class=\"more-link\">Seguir llegint<span class=\"screen-reader-text\"> &#8220;La Rodi Mitja Marat\u00f3 torna a Lleida amb 600 inscrits a la cursa de 21 Km&#8221;<\/span><\/a><\/p>\n","protected":false},"author":1,"featured_media":6635,"comment_status":"closed","ping_status":"closed","sticky":false,"template":"","format":"standard","meta":{"footnotes":""},"categories":[2],"tags":[],"yoast_head":"<!-- This site is optimized with the Yoast SEO plugin v24.4 - https:\/\/yoast.com\/wordpress\/plugins\/seo\/ -->\n<title>La Rodi Mitja Marat\u00f3 torna a Lleida amb 600 inscrits<\/title>\n<meta name=\"description\" content=\"La Rodi Mitja Marat\u00f3 de Lleida va celebrar la seva 28a edici\u00f3 el diumenge 21 de novembre de 2021 amb 600 corredors en la carrera de 21 quil\u00f2metres.\" \/>\n<meta name=\"robots\" content=\"index, follow, max-snippet:-1, max-image-preview:large, max-video-preview:-1\" \/>\n<link rel=\"canonical\" href=\"https:\/\/www.rodi.cat\/blog\/rodi-mitja-marato-lleida-2021\/\" \/>\n<meta property=\"og:locale\" content=\"ca_ES\" \/>\n<meta property=\"og:type\" content=\"article\" \/>\n<meta property=\"og:title\" content=\"La Rodi Mitja Marat\u00f3 torna a Lleida amb 600 inscrits\" \/>\n<meta property=\"og:description\" content=\"La Rodi Mitja Marat\u00f3 de Lleida va celebrar la seva 28a edici\u00f3 el diumenge 21 de novembre de 2021 amb 600 corredors en la carrera de 21 quil\u00f2metres.\" \/>\n<meta property=\"og:url\" content=\"https:\/\/www.rodi.cat\/blog\/rodi-mitja-marato-lleida-2021\/\" \/>\n<meta property=\"og:site_name\" content=\"Rodi Motor Services\" \/>\n<meta property=\"article:publisher\" content=\"https:\/\/www.facebook.com\/rodimotorservices\" \/>\n<meta property=\"article:published_time\" content=\"2021-11-23T12:13:43+00:00\" \/>\n<meta property=\"article:modified_time\" content=\"2021-11-23T12:37:22+00:00\" \/>\n<meta property=\"og:image\" content=\"https:\/\/www.rodi.cat\/blog\/wp-content\/uploads\/2021\/11\/equipo-rodi-mitja-marato-lleida-2021.jpg\" \/>\n\t<meta property=\"og:image:width\" content=\"740\" \/>\n\t<meta property=\"og:image:height\" content=\"478\" \/>\n\t<meta property=\"og:image:type\" content=\"image\/jpeg\" \/>\n<meta name=\"author\" content=\"admin\" \/>\n<meta name=\"twitter:card\" content=\"summary_large_image\" \/>\n<meta name=\"twitter:creator\" content=\"@MotorRodi\" \/>\n<meta name=\"twitter:site\" content=\"@MotorRodi\" \/>\n<meta name=\"twitter:label1\" content=\"Escrit per\" \/>\n\t<meta name=\"twitter:data1\" content=\"admin\" \/>\n\t<meta name=\"twitter:label2\" content=\"Temps estimat de lectura\" \/>\n\t<meta name=\"twitter:data2\" content=\"2 minuts\" \/>\n<script type=\"application\/ld+json\" class=\"yoast-schema-graph\">{\"@context\":\"https:\/\/schema.org\",\"@graph\":[{\"@type\":\"Article\",\"@id\":\"https:\/\/www.rodi.cat\/blog\/rodi-mitja-marato-lleida-2021\/#article\",\"isPartOf\":{\"@id\":\"https:\/\/www.rodi.cat\/blog\/rodi-mitja-marato-lleida-2021\/\"},\"author\":{\"name\":\"admin\",\"@id\":\"https:\/\/www.rodi.cat\/blog\/#\/schema\/person\/d4e64de354e595dc7ef2a36759fca15c\"},\"headline\":\"La Rodi Mitja Marat\u00f3 torna a Lleida amb 600 inscrits a la cursa de 21 Km\",\"datePublished\":\"2021-11-23T12:13:43+00:00\",\"dateModified\":\"2021-11-23T12:37:22+00:00\",\"mainEntityOfPage\":{\"@id\":\"https:\/\/www.rodi.cat\/blog\/rodi-mitja-marato-lleida-2021\/\"},\"wordCount\":425,\"publisher\":{\"@id\":\"https:\/\/www.rodi.cat\/blog\/#organization\"},\"image\":{\"@id\":\"https:\/\/www.rodi.cat\/blog\/rodi-mitja-marato-lleida-2021\/#primaryimage\"},\"thumbnailUrl\":\"https:\/\/www.rodi.cat\/blog\/wp-content\/uploads\/2021\/11\/equipo-rodi-mitja-marato-lleida-2021.jpg\",\"inLanguage\":\"ca\"},{\"@type\":\"WebPage\",\"@id\":\"https:\/\/www.rodi.cat\/blog\/rodi-mitja-marato-lleida-2021\/\",\"url\":\"https:\/\/www.rodi.cat\/blog\/rodi-mitja-marato-lleida-2021\/\",\"name\":\"La Rodi Mitja Marat\u00f3 torna a Lleida amb 600 inscrits\",\"isPartOf\":{\"@id\":\"https:\/\/www.rodi.cat\/blog\/#website\"},\"primaryImageOfPage\":{\"@id\":\"https:\/\/www.rodi.cat\/blog\/rodi-mitja-marato-lleida-2021\/#primaryimage\"},\"image\":{\"@id\":\"https:\/\/www.rodi.cat\/blog\/rodi-mitja-marato-lleida-2021\/#primaryimage\"},\"thumbnailUrl\":\"https:\/\/www.rodi.cat\/blog\/wp-content\/uploads\/2021\/11\/equipo-rodi-mitja-marato-lleida-2021.jpg\",\"datePublished\":\"2021-11-23T12:13:43+00:00\",\"dateModified\":\"2021-11-23T12:37:22+00:00\",\"description\":\"La Rodi Mitja Marat\u00f3 de Lleida va celebrar la seva 28a edici\u00f3 el diumenge 21 de novembre de 2021 amb 600 corredors en la carrera de 21 quil\u00f2metres.\",\"breadcrumb\":{\"@id\":\"https:\/\/www.rodi.cat\/blog\/rodi-mitja-marato-lleida-2021\/#breadcrumb\"},\"inLanguage\":\"ca\",\"potentialAction\":[{\"@type\":\"ReadAction\",\"target\":[\"https:\/\/www.rodi.cat\/blog\/rodi-mitja-marato-lleida-2021\/\"]}]},{\"@type\":\"ImageObject\",\"inLanguage\":\"ca\",\"@id\":\"https:\/\/www.rodi.cat\/blog\/rodi-mitja-marato-lleida-2021\/#primaryimage\",\"url\":\"https:\/\/www.rodi.cat\/blog\/wp-content\/uploads\/2021\/11\/equipo-rodi-mitja-marato-lleida-2021.jpg\",\"contentUrl\":\"https:\/\/www.rodi.cat\/blog\/wp-content\/uploads\/2021\/11\/equipo-rodi-mitja-marato-lleida-2021.jpg\",\"width\":740,\"height\":478,\"caption\":\"equipo rodi mitja marato lleida 2021\"},{\"@type\":\"BreadcrumbList\",\"@id\":\"https:\/\/www.rodi.cat\/blog\/rodi-mitja-marato-lleida-2021\/#breadcrumb\",\"itemListElement\":[{\"@type\":\"ListItem\",\"position\":1,\"name\":\"Portada\",\"item\":\"https:\/\/www.rodi.cat\/blog\/\"},{\"@type\":\"ListItem\",\"position\":2,\"name\":\"La Rodi Mitja Marat\u00f3 torna a Lleida amb 600 inscrits a la cursa de 21 Km\"}]},{\"@type\":\"WebSite\",\"@id\":\"https:\/\/www.rodi.cat\/blog\/#website\",\"url\":\"https:\/\/www.rodi.cat\/blog\/\",\"name\":\"Rodi Motor Services\",\"description\":\"Neum\u00e1ticos al mejor precio\",\"publisher\":{\"@id\":\"https:\/\/www.rodi.cat\/blog\/#organization\"},\"potentialAction\":[{\"@type\":\"SearchAction\",\"target\":{\"@type\":\"EntryPoint\",\"urlTemplate\":\"https:\/\/www.rodi.cat\/blog\/?s={search_term_string}\"},\"query-input\":{\"@type\":\"PropertyValueSpecification\",\"valueRequired\":true,\"valueName\":\"search_term_string\"}}],\"inLanguage\":\"ca\"},{\"@type\":\"Organization\",\"@id\":\"https:\/\/www.rodi.cat\/blog\/#organization\",\"name\":\"Rodi Motor Services\",\"url\":\"https:\/\/www.rodi.cat\/blog\/\",\"logo\":{\"@type\":\"ImageObject\",\"inLanguage\":\"ca\",\"@id\":\"https:\/\/www.rodi.cat\/blog\/#\/schema\/logo\/image\/\",\"url\":\"https:\/\/www.rodi.cat\/blog\/wp-content\/uploads\/2020\/05\/logo-rodi.jpg\",\"contentUrl\":\"https:\/\/www.rodi.cat\/blog\/wp-content\/uploads\/2020\/05\/logo-rodi.jpg\",\"width\":250,\"height\":250,\"caption\":\"Rodi Motor Services\"},\"image\":{\"@id\":\"https:\/\/www.rodi.cat\/blog\/#\/schema\/logo\/image\/\"},\"sameAs\":[\"https:\/\/www.facebook.com\/rodimotorservices\",\"https:\/\/x.com\/MotorRodi\",\"https:\/\/www.instagram.com\/rodimotorservices\/\",\"https:\/\/es.linkedin.com\/company\/rodi-motor-services\",\"https:\/\/www.youtube.com\/user\/rodimotorservices\"]},{\"@type\":\"Person\",\"@id\":\"https:\/\/www.rodi.cat\/blog\/#\/schema\/person\/d4e64de354e595dc7ef2a36759fca15c\",\"name\":\"admin\",\"image\":{\"@type\":\"ImageObject\",\"inLanguage\":\"ca\",\"@id\":\"https:\/\/www.rodi.cat\/blog\/#\/schema\/person\/image\/\",\"url\":\"https:\/\/secure.gravatar.com\/avatar\/2dcfc725cd78c869421cb0f828640041?s=96&d=mm&r=g\",\"contentUrl\":\"https:\/\/secure.gravatar.com\/avatar\/2dcfc725cd78c869421cb0f828640041?s=96&d=mm&r=g\",\"caption\":\"admin\"}}]}<\/script>\n<!-- \/ Yoast SEO plugin. -->","yoast_head_json":{"title":"La Rodi Mitja Marat\u00f3 torna a Lleida amb 600 inscrits","description":"La Rodi Mitja Marat\u00f3 de Lleida va celebrar la seva 28a edici\u00f3 el diumenge 21 de novembre de 2021 amb 600 corredors en la carrera de 21 quil\u00f2metres.","robots":{"index":"index","follow":"follow","max-snippet":"max-snippet:-1","max-image-preview":"max-image-preview:large","max-video-preview":"max-video-preview:-1"},"canonical":"https:\/\/www.rodi.cat\/blog\/rodi-mitja-marato-lleida-2021\/","og_locale":"ca_ES","og_type":"article","og_title":"La Rodi Mitja Marat\u00f3 torna a Lleida amb 600 inscrits","og_description":"La Rodi Mitja Marat\u00f3 de Lleida va celebrar la seva 28a edici\u00f3 el diumenge 21 de novembre de 2021 amb 600 corredors en la carrera de 21 quil\u00f2metres.","og_url":"https:\/\/www.rodi.cat\/blog\/rodi-mitja-marato-lleida-2021\/","og_site_name":"Rodi Motor Services","article_publisher":"https:\/\/www.facebook.com\/rodimotorservices","article_published_time":"2021-11-23T12:13:43+00:00","article_modified_time":"2021-11-23T12:37:22+00:00","og_image":[{"width":740,"height":478,"url":"https:\/\/www.rodi.cat\/blog\/wp-content\/uploads\/2021\/11\/equipo-rodi-mitja-marato-lleida-2021.jpg","type":"image\/jpeg"}],"author":"admin","twitter_card":"summary_large_image","twitter_creator":"@MotorRodi","twitter_site":"@MotorRodi","twitter_misc":{"Escrit per":"admin","Temps estimat de lectura":"2 minuts"},"schema":{"@context":"https:\/\/schema.org","@graph":[{"@type":"Article","@id":"https:\/\/www.rodi.cat\/blog\/rodi-mitja-marato-lleida-2021\/#article","isPartOf":{"@id":"https:\/\/www.rodi.cat\/blog\/rodi-mitja-marato-lleida-2021\/"},"author":{"name":"admin","@id":"https:\/\/www.rodi.cat\/blog\/#\/schema\/person\/d4e64de354e595dc7ef2a36759fca15c"},"headline":"La Rodi Mitja Marat\u00f3 torna a Lleida amb 600 inscrits a la cursa de 21 Km","datePublished":"2021-11-23T12:13:43+00:00","dateModified":"2021-11-23T12:37:22+00:00","mainEntityOfPage":{"@id":"https:\/\/www.rodi.cat\/blog\/rodi-mitja-marato-lleida-2021\/"},"wordCount":425,"publisher":{"@id":"https:\/\/www.rodi.cat\/blog\/#organization"},"image":{"@id":"https:\/\/www.rodi.cat\/blog\/rodi-mitja-marato-lleida-2021\/#primaryimage"},"thumbnailUrl":"https:\/\/www.rodi.cat\/blog\/wp-content\/uploads\/2021\/11\/equipo-rodi-mitja-marato-lleida-2021.jpg","inLanguage":"ca"},{"@type":"WebPage","@id":"https:\/\/www.rodi.cat\/blog\/rodi-mitja-marato-lleida-2021\/","url":"https:\/\/www.rodi.cat\/blog\/rodi-mitja-marato-lleida-2021\/","name":"La Rodi Mitja Marat\u00f3 torna a Lleida amb 600 inscrits","isPartOf":{"@id":"https:\/\/www.rodi.cat\/blog\/#website"},"primaryImageOfPage":{"@id":"https:\/\/www.rodi.cat\/blog\/rodi-mitja-marato-lleida-2021\/#primaryimage"},"image":{"@id":"https:\/\/www.rodi.cat\/blog\/rodi-mitja-marato-lleida-2021\/#primaryimage"},"thumbnailUrl":"https:\/\/www.rodi.cat\/blog\/wp-content\/uploads\/2021\/11\/equipo-rodi-mitja-marato-lleida-2021.jpg","datePublished":"2021-11-23T12:13:43+00:00","dateModified":"2021-11-23T12:37:22+00:00","description":"La Rodi Mitja Marat\u00f3 de Lleida va celebrar la seva 28a edici\u00f3 el diumenge 21 de novembre de 2021 amb 600 corredors en la carrera de 21 quil\u00f2metres.","breadcrumb":{"@id":"https:\/\/www.rodi.cat\/blog\/rodi-mitja-marato-lleida-2021\/#breadcrumb"},"inLanguage":"ca","potentialAction":[{"@type":"ReadAction","target":["https:\/\/www.rodi.cat\/blog\/rodi-mitja-marato-lleida-2021\/"]}]},{"@type":"ImageObject","inLanguage":"ca","@id":"https:\/\/www.rodi.cat\/blog\/rodi-mitja-marato-lleida-2021\/#primaryimage","url":"https:\/\/www.rodi.cat\/blog\/wp-content\/uploads\/2021\/11\/equipo-rodi-mitja-marato-lleida-2021.jpg","contentUrl":"https:\/\/www.rodi.cat\/blog\/wp-content\/uploads\/2021\/11\/equipo-rodi-mitja-marato-lleida-2021.jpg","width":740,"height":478,"caption":"equipo rodi mitja marato lleida 2021"},{"@type":"BreadcrumbList","@id":"https:\/\/www.rodi.cat\/blog\/rodi-mitja-marato-lleida-2021\/#breadcrumb","itemListElement":[{"@type":"ListItem","position":1,"name":"Portada","item":"https:\/\/www.rodi.cat\/blog\/"},{"@type":"ListItem","position":2,"name":"La Rodi Mitja Marat\u00f3 torna a Lleida amb 600 inscrits a la cursa de 21 Km"}]},{"@type":"WebSite","@id":"https:\/\/www.rodi.cat\/blog\/#website","url":"https:\/\/www.rodi.cat\/blog\/","name":"Rodi Motor Services","description":"Neum\u00e1ticos al mejor precio","publisher":{"@id":"https:\/\/www.rodi.cat\/blog\/#organization"},"potentialAction":[{"@type":"SearchAction","target":{"@type":"EntryPoint","urlTemplate":"https:\/\/www.rodi.cat\/blog\/?s={search_term_string}"},"query-input":{"@type":"PropertyValueSpecification","valueRequired":true,"valueName":"search_term_string"}}],"inLanguage":"ca"},{"@type":"Organization","@id":"https:\/\/www.rodi.cat\/blog\/#organization","name":"Rodi Motor Services","url":"https:\/\/www.rodi.cat\/blog\/","logo":{"@type":"ImageObject","inLanguage":"ca","@id":"https:\/\/www.rodi.cat\/blog\/#\/schema\/logo\/image\/","url":"https:\/\/www.rodi.cat\/blog\/wp-content\/uploads\/2020\/05\/logo-rodi.jpg","contentUrl":"https:\/\/www.rodi.cat\/blog\/wp-content\/uploads\/2020\/05\/logo-rodi.jpg","width":250,"height":250,"caption":"Rodi Motor Services"},"image":{"@id":"https:\/\/www.rodi.cat\/blog\/#\/schema\/logo\/image\/"},"sameAs":["https:\/\/www.facebook.com\/rodimotorservices","https:\/\/x.com\/MotorRodi","https:\/\/www.instagram.com\/rodimotorservices\/","https:\/\/es.linkedin.com\/company\/rodi-motor-services","https:\/\/www.youtube.com\/user\/rodimotorservices"]},{"@type":"Person","@id":"https:\/\/www.rodi.cat\/blog\/#\/schema\/person\/d4e64de354e595dc7ef2a36759fca15c","name":"admin","image":{"@type":"ImageObject","inLanguage":"ca","@id":"https:\/\/www.rodi.cat\/blog\/#\/schema\/person\/image\/","url":"https:\/\/secure.gravatar.com\/avatar\/2dcfc725cd78c869421cb0f828640041?s=96&d=mm&r=g","contentUrl":"https:\/\/secure.gravatar.com\/avatar\/2dcfc725cd78c869421cb0f828640041?s=96&d=mm&r=g","caption":"admin"}}]}},"_links":{"self":[{"href":"https:\/\/www.rodi.cat\/blog\/wp-json\/wp\/v2\/posts\/6619"}],"collection":[{"href":"https:\/\/www.rodi.cat\/blog\/wp-json\/wp\/v2\/posts"}],"about":[{"href":"https:\/\/www.rodi.cat\/blog\/wp-json\/wp\/v2\/types\/post"}],"author":[{"embeddable":true,"href":"https:\/\/www.rodi.cat\/blog\/wp-json\/wp\/v2\/users\/1"}],"replies":[{"embeddable":true,"href":"https:\/\/www.rodi.cat\/blog\/wp-json\/wp\/v2\/comments?post=6619"}],"version-history":[{"count":9,"href":"https:\/\/www.rodi.cat\/blog\/wp-json\/wp\/v2\/posts\/6619\/revisions"}],"predecessor-version":[{"id":6633,"href":"https:\/\/www.rodi.cat\/blog\/wp-json\/wp\/v2\/posts\/6619\/revisions\/6633"}],"wp:featuredmedia":[{"embeddable":true,"href":"https:\/\/www.rodi.cat\/blog\/wp-json\/wp\/v2\/media\/6635"}],"wp:attachment":[{"href":"https:\/\/www.rodi.cat\/blog\/wp-json\/wp\/v2\/media?parent=6619"}],"wp:term":[{"taxonomy":"category","embeddable":true,"href":"https:\/\/www.rodi.cat\/blog\/wp-json\/wp\/v2\/categories?post=6619"},{"taxonomy":"post_tag","embeddable":true,"href":"https:\/\/www.rodi.cat\/blog\/wp-json\/wp\/v2\/tags?post=6619"}],"curies":[{"name":"wp","href":"https:\/\/api.w.org\/{rel}","templated":true}]}}